{"id":135250,"date":"2021-06-14T10:00:00","date_gmt":"2021-06-14T09:00:00","guid":{"rendered":"http:\/\/www.tucomarca.com\/wordpress\/segunda\/?p=135250"},"modified":"2021-06-14T11:04:55","modified_gmt":"2021-06-14T10:04:55","slug":"video-resumeixen-i-postpartit-el-cd-bunyol-tanca-una-temporada-historica-amb-victoria-davant-el-benimar-1-0","status":"publish","type":"post","link":"https:\/\/tucomarca.whitekongsoftware.com\/ca\/video-resumeixen-i-postpartit-el-cd-bunyol-tanca-una-temporada-historica-amb-victoria-davant-el-benimar-1-0\/","title":{"rendered":"V\u00eddeo resumeixen i postpartit: el CD Bunyol tanca una temporada hist\u00f2rica amb vict\u00f2ria davant el Benimar (1-0)"},"content":{"rendered":"\n<figure class=\"wp-block-embed is-type-video is-provider-youtube wp-block-embed-youtube wp-embed-aspect-16-9 wp-has-aspect-ratio\"><div class=\"wp-block-embed__wrapper\">\n<iframe loading=\"lazy\" title=\"V\u00eddeo resumen y postpartido: el CD Bu\u00f1ol cierra una temporada hist\u00f3rica con victoria ante el Benimar\" width=\"500\" height=\"281\" src=\"https:\/\/www.youtube.com\/embed\/fJRjxa-K7Js?feature=oembed\" frameborder=\"0\" allow=\"accelerometer; autoplay; clipboard-write; encrypted-media; gyroscope; picture-in-picture; web-share\" referrerpolicy=\"strict-origin-when-cross-origin\" allowfullscreen><\/iframe>\n<\/div><\/figure>\n\n\n\n<p class=\"wp-block-paragraph\">V\u00eddeo resumeixen i postpartit elaborat per <strong>tucomarca televisi\u00f3<\/strong> en el qual l&#8217;entrenador i el president del CD Bunyol valoren el final d&#8217;una temporada hist\u00f2rica que els blancs han tancat com a campions i amb una vict\u00f2ria per la m\u00ednima davant el Atl. Benimar Picanya CF, amb gol d&#8217;\u00d3scar; qui, igual que Adri\u00e1n Ferrandis i Francisco Zan\u00f3n, tamb\u00e9 ha valorat el partit i la imminent fase d&#8217;ascens que a partir del dimecres d&#8217;aquesta mateixa setmana d\u00f3na principi.<\/p>\n","protected":false},"excerpt":{"rendered":"<div class=\"mh-excerpt\">V\u00eddeo resumeixen i postpartit elaborat per tucomarca televisi\u00f3 en el qual l&#8217;entrenador i el president del CD Bunyol valoren el final d&#8217;una temporada hist\u00f2rica que els blancs han tancat com a campions i amb una <a class=\"mh-excerpt-more\" href=\"https:\/\/tucomarca.whitekongsoftware.com\/ca\/video-resumeixen-i-postpartit-el-cd-bunyol-tanca-una-temporada-historica-amb-victoria-davant-el-benimar-1-0\/\" title=\"V\u00eddeo resumeixen i postpartit: el CD Bunyol tanca una temporada hist\u00f2rica amb vict\u00f2ria davant el Benimar (1-0)\">[+] <\/a><\/div>\n","protected":false},"author":1,"featured_media":135247,"comment_status":"open","ping_status":"open","sticky":false,"template":"","format":"video","meta":{"footnotes":""},"categories":[10911,11015,11003,10898,10912,10896,11062],"tags":[11126,11074,11264,11075,10914],"class_list":["post-135250","post","type-post","status-publish","format-video","has-post-thumbnail","category-bunol-ca","category-canal-futbol","category-sports","category-ventana-ca","category-la-hoya-ca","category-seccion-ca","category-videos","tag-cd-bunol-ca","tag-deportes-ca","tag-esports-ca","tag-futbol-ca","tag-la-hoya-de-bunol-chiva-ca","post_format-post-format-video"],"_links":{"self":[{"href":"https:\/\/tucomarca.whitekongsoftware.com\/ca\/wp-json\/wp\/v2\/posts\/135250","targetHints":{"allow":["GET"]}}],"collection":[{"href":"https:\/\/tucomarca.whitekongsoftware.com\/ca\/wp-json\/wp\/v2\/posts"}],"about":[{"href":"https:\/\/tucomarca.whitekongsoftware.com\/ca\/wp-json\/wp\/v2\/types\/post"}],"author":[{"embeddable":true,"href":"https:\/\/tucomarca.whitekongsoftware.com\/ca\/wp-json\/wp\/v2\/users\/1"}],"replies":[{"embeddable":true,"href":"https:\/\/tucomarca.whitekongsoftware.com\/ca\/wp-json\/wp\/v2\/comments?post=135250"}],"version-history":[{"count":0,"href":"https:\/\/tucomarca.whitekongsoftware.com\/ca\/wp-json\/wp\/v2\/posts\/135250\/revisions"}],"wp:featuredmedia":[{"embeddable":true,"href":"https:\/\/tucomarca.whitekongsoftware.com\/ca\/wp-json\/wp\/v2\/media\/135247"}],"wp:attachment":[{"href":"https:\/\/tucomarca.whitekongsoftware.com\/ca\/wp-json\/wp\/v2\/media?parent=135250"}],"wp:term":[{"taxonomy":"category","embeddable":true,"href":"https:\/\/tucomarca.whitekongsoftware.com\/ca\/wp-json\/wp\/v2\/categories?post=135250"},{"taxonomy":"post_tag","embeddable":true,"href":"https:\/\/tucomarca.whitekongsoftware.com\/ca\/wp-json\/wp\/v2\/tags?post=135250"}],"curies":[{"name":"wp","href":"https:\/\/api.w.org\/{rel}","templated":true}]}}