{"id":135243,"date":"2021-06-13T08:00:00","date_gmt":"2021-06-13T07:00:00","guid":{"rendered":"http:\/\/www.tucomarca.com\/wordpress\/segunda\/?p=135243"},"modified":"2021-06-14T10:05:31","modified_gmt":"2021-06-14T09:05:31","slug":"el-departament-de-salut-de-manises-inverteix-prop-de-875-000-e-en-projectes-de-formacio-i-docencia-dels-seus-professionals","status":"publish","type":"post","link":"https:\/\/tucomarca.whitekongsoftware.com\/ca\/el-departament-de-salut-de-manises-inverteix-prop-de-875-000-e-en-projectes-de-formacio-i-docencia-dels-seus-professionals\/","title":{"rendered":"El Departament de Salut de Manises inverteix prop de 875.000 \u20ac en projectes de formaci\u00f3 i doc\u00e8ncia dels seus professionals"},"content":{"rendered":"\n<ul class=\"wp-block-list\"><li><strong>Aquest pressupost est\u00e0 destinat al finan\u00e7ament d&#8217;activitats lligades al desenvolupament i la promoci\u00f3 de projectes de formaci\u00f3, doc\u00e8ncia i investigaci\u00f3.<\/strong><\/li><\/ul>\n\n\n\n<ul class=\"wp-block-list\"><li><strong>Gr\u00e0cies a aquesta inversi\u00f3 es podran desenvolupar m\u00e9s de 120 activitats formatives col\u00b7lectives i individuals, aix\u00ed com diversos projectes d&#8217;investigaci\u00f3 i estades formatives de sanitaris d&#8217;Atenci\u00f3 Prim\u00e0ria i de l&#8217;Hospital.<\/strong><\/li><\/ul>\n\n\n\n<ul class=\"wp-block-list\"><li><strong>En 2021 es preveu consumir un 37% per a formaci\u00f3 i doc\u00e8ncia de l&#8217;\u00e0rea m\u00e8dica, un 18% a l&#8217;\u00c0rea d&#8217;Infermeria i un 6% a altres col\u00b7lectius professionals, quedant una partida disponible per a l&#8217;any vinent.<\/strong><\/li><\/ul>\n\n\n\n<p class=\"wp-block-paragraph\">El Departamento de Salud de Manises prev\u00e9 invertir 875.000\u20ac en proyectos de formaci\u00f3n y docencia de sus profesionales<strong>&nbsp;<\/strong>para cubrir las necesidades en las \u00e1reas de investigaci\u00f3n, formaci\u00f3n y docencia. Esta iniciativa, liderada por la Comisi\u00f3n de Docencia del \u00e1rea sanitaria, tiene como principal objetivo hacer posible que todos los proyectos de los profesionales sanitarios del \u00e1rea de salud salgan adelante, financiando los equipos y material de investigaci\u00f3n y docencia y las actividades o estancias formativas necesarias para llevarlos a cabo.<\/p>\n\n\n\n<p class=\"wp-block-paragraph\">Gracias a estas becas se desarrollar\u00e1n m\u00e1s de 120 proyectos y actividades formativas colectivas e individuales para los sanitarios del Hospital y Centros de Salud pertenecientes al departamento. \u201cLa labor de investigaci\u00f3n como profesional sanitario es muy necesaria para hacer frente a los nuevos retos que la medicina del futuro nos plantea y por ello esta ayuda es fundamental para el crecimiento profesional de nuestro equipo\u201d, explica el Dr. Ricardo Trujillo, gerente del Departamento de Salud de Manises. Adem\u00e1s, el Dr. Manuel Tejeda, presidente de la Comisi\u00f3n de Docencia del Departamento subraya que \u201cinvertir recursos en las actividades formativas y docentes de nuestros profesionales es una prioridad ya que favorece su iniciativa y proactividad en la mejora de la profesi\u00f3n\u201d.<\/p>\n\n\n\n<p class=\"wp-block-paragraph\">Adicionalmente, se ha destinado una alta partida presupuestaria a la adquisici\u00f3n de equipos de Electromedicina, que posibilitar\u00e1n la puesta en marcha de algunos de los proyectos mencionados anteriormente y que sin duda alguna, revertir\u00e1n en la mejora de nuestros procesos asistenciales.<\/p>\n\n\n\n<p class=\"wp-block-paragraph\">Adem\u00e1s, Lola Gil, Responsable de Formaci\u00f3n y Desarrollo del Departamento subraya que \u201cel talento es el activo m\u00e1s valioso de cualquier organizaci\u00f3n y, por tanto, hemos trabajado en un Programa que busca el crecimiento personal y profesional prestando atenci\u00f3n a la creaci\u00f3n de un espacio que impulsa su reconocimiento y su motivaci\u00f3n como elementos clave en la satisfacci\u00f3n de los\/as profesionales\u201d.<\/p>\n\n\n\n<p class=\"wp-block-paragraph\"><strong>Hospital de Manises<\/strong><\/p>\n\n\n\n<p class=\"wp-block-paragraph\">El Departamento de Salud de Manises da cobertura y asistencia sanitaria p\u00fablica, tanto ambulatoria como domiciliaria a m\u00e1s de 193.000 personas de 14 localidades a trav\u00e9s del Hospital de Manises, 10 centros de salud, 9 consultorios locales, 2 centros de especialidades y el Hospital de Cr\u00f3nicos ubicado en Mislata. Desde su nacimiento en 2009, el Departamento de Salud ha consolidado un equipo profesional centrado en la asistencia sanitaria segura y de calidad. Ahora, con la actual crisis sanitaria derivada de la Covid-19, el Departamento de Salud de Manises continua su actividad atendiendo a las instrucciones de la Conselleria de Sanitat Universal y Salut P\u00fablica, manteni\u00e9ndose en los habituales niveles de accesibilidad, calidad, excelencia asistencial y reputaci\u00f3n corporativa, situ\u00e1ndose como tercer hospital p\u00fablico de la Comunidad Valenciana con mayor reputaci\u00f3n, seg\u00fan MERCO.<\/p>\n","protected":false},"excerpt":{"rendered":"<div class=\"mh-excerpt\">Aquest pressupost est\u00e0 destinat al finan\u00e7ament d&#8217;activitats lligades al desenvolupament i la promoci\u00f3 de projectes de formaci\u00f3, doc\u00e8ncia i investigaci\u00f3. Gr\u00e0cies a aquesta inversi\u00f3 es podran desenvolupar m\u00e9s de 120 activitats formatives col\u00b7lectives i individuals, <a class=\"mh-excerpt-more\" href=\"https:\/\/tucomarca.whitekongsoftware.com\/ca\/el-departament-de-salut-de-manises-inverteix-prop-de-875-000-e-en-projectes-de-formacio-i-docencia-dels-seus-professionals\/\" title=\"El Departament de Salut de Manises inverteix prop de 875.000 \u20ac en projectes de formaci\u00f3 i doc\u00e8ncia dels seus professionals\">[+] <\/a><\/div>\n","protected":false},"author":1,"featured_media":135170,"comment_status":"open","ping_status":"open","sticky":false,"template":"","format":"standard","meta":{"footnotes":""},"categories":[10973,10911,10892,10898,10977,10980,10948,10894,10904,10912,10902,10931,10978,10947,10906,10896,11047,10974,10975],"tags":[10899,11092,10914],"class_list":["post-135243","post","type-post","status-publish","format-standard","has-post-thumbnail","category-alborache-ca","category-bunol-ca","category-camp-de-turia-ca","category-ventana-ca","category-godelleta-ca","category-yatova-ca","category-infraestructuras-ca","category-la-comarca-ca","category-sin-categorizar-ca","category-la-hoya-ca","category-la-ribera-ca","category-loriguilla-ca","category-macastre-ca","category-politica","category-riba-roja-ca","category-seccion-ca","category-turis-ca","category-cheste-ca","category-chiva-ca","tag-camp-de-turia-ca","tag-hospital-de-manises-ca","tag-la-hoya-de-bunol-chiva-ca"],"_links":{"self":[{"href":"https:\/\/tucomarca.whitekongsoftware.com\/ca\/wp-json\/wp\/v2\/posts\/135243","targetHints":{"allow":["GET"]}}],"collection":[{"href":"https:\/\/tucomarca.whitekongsoftware.com\/ca\/wp-json\/wp\/v2\/posts"}],"about":[{"href":"https:\/\/tucomarca.whitekongsoftware.com\/ca\/wp-json\/wp\/v2\/types\/post"}],"author":[{"embeddable":true,"href":"https:\/\/tucomarca.whitekongsoftware.com\/ca\/wp-json\/wp\/v2\/users\/1"}],"replies":[{"embeddable":true,"href":"https:\/\/tucomarca.whitekongsoftware.com\/ca\/wp-json\/wp\/v2\/comments?post=135243"}],"version-history":[{"count":0,"href":"https:\/\/tucomarca.whitekongsoftware.com\/ca\/wp-json\/wp\/v2\/posts\/135243\/revisions"}],"wp:featuredmedia":[{"embeddable":true,"href":"https:\/\/tucomarca.whitekongsoftware.com\/ca\/wp-json\/wp\/v2\/media\/135170"}],"wp:attachment":[{"href":"https:\/\/tucomarca.whitekongsoftware.com\/ca\/wp-json\/wp\/v2\/media?parent=135243"}],"wp:term":[{"taxonomy":"category","embeddable":true,"href":"https:\/\/tucomarca.whitekongsoftware.com\/ca\/wp-json\/wp\/v2\/categories?post=135243"},{"taxonomy":"post_tag","embeddable":true,"href":"https:\/\/tucomarca.whitekongsoftware.com\/ca\/wp-json\/wp\/v2\/tags?post=135243"}],"curies":[{"name":"wp","href":"https:\/\/api.w.org\/{rel}","templated":true}]}}