{"id":135236,"date":"2021-06-13T14:00:00","date_gmt":"2021-06-13T13:00:00","guid":{"rendered":"http:\/\/www.tucomarca.com\/wordpress\/segunda\/?p=135236"},"modified":"2021-06-14T11:19:16","modified_gmt":"2021-06-14T10:19:16","slug":"estella-tortajada-es-elegida-secretaria-general-de-joves-socialistes-de-camp-de-turia-despres-de-rebre-un-suport-unanime","status":"publish","type":"post","link":"https:\/\/tucomarca.whitekongsoftware.com\/ca\/estella-tortajada-es-elegida-secretaria-general-de-joves-socialistes-de-camp-de-turia-despres-de-rebre-un-suport-unanime\/","title":{"rendered":"Estel\u00b7la Tortajada \u00e9s elegida secret\u00e0ria general de Joves Socialistes de Camp de T\u00faria despr\u00e9s de rebre un suport un\u00e0nime"},"content":{"rendered":"\n<h4 class=\"wp-block-heading\">Els militants donen suport a una candidatura d&#8217;integraci\u00f3 i consens&nbsp;<\/h4>\n\n\n\n<p class=\"wp-block-paragraph\">Joves Socialistes de Camp de T\u00faria va proclamar ahir dissabte a Estel\u00b7la Tortajada com a nova secret\u00e0ria comarcal en un congr\u00e9s celebrat a Riba-roja de T\u00faria i que suposa, per primera vegada en la hist\u00f2ria, la constituci\u00f3 d&#8217;aquest \u00f2rgan de direcci\u00f3 pol\u00edtic en l&#8217;\u00e0mbit juvenil. La candidatura de Tortajada va rebre el suport un\u00e0nime de tots els participants en el congr\u00e9s celebrat ahir.&nbsp;<\/p>\n\n\n\n<p class=\"wp-block-paragraph\">L&#8217;acte va comptar amb l&#8217;assist\u00e8ncia del secretari nacional d&#8217;organitzaci\u00f3 del PSPV, Jos\u00e9 Mu\u00f1oz; la presidenta de la Mancomunitat de Camp de T\u00faria i alcaldessa de Marines, Lola Celda; i, finalment, l&#8217;alcalde de Riba-roja de T\u00faria i secretari general d&#8217;aquesta agrupaci\u00f3, Robert Raga, entre altres c\u00e0rrecs org\u00e0nics socialistes. Va haver-hi una assist\u00e8ncia important de militants de les diverses agrupacions de la comarca.&nbsp;<\/p>\n\n\n\n<p class=\"wp-block-paragraph\">La candidatura de Estel\u00b7la Tortajada va ser l&#8217;\u00fanica que es va presentar al congr\u00e9s comarcal despr\u00e9s de l&#8217;acord aconseguit entre les diverses agrupacions de Joves Socialistes en una clara reivindicaci\u00f3 de la voluntat d&#8217;integraci\u00f3 i consens entre tots els municipis. Per aix\u00f2, despr\u00e9s de la votaci\u00f3 celebrada en el mat\u00ed d&#8217;ahir a Riba-roja de T\u00faria va haver-hi un suport un\u00e0nime cap a la candidatura.&nbsp;<\/p>\n\n\n\n<p class=\"wp-block-paragraph\">Estel\u00b7la Tortajada ser\u00e0, a partir d&#8217;ara la nova secret\u00e0ria comarcal de Joves Socialistes, acompanyada, tamb\u00e9, per Ra\u00fal Mont\u00f3n com a secretari d&#8217;organitzaci\u00f3; Alejandro Navarro ser\u00e0 el secretari de pol\u00edtica institucional; David Barbancho ostentar\u00e0 el c\u00e0rrec de secretari d&#8217;ocupaci\u00f3, medi ambient i foment econ\u00f2mic; Marta Contreras ser\u00e0 la secret\u00e0ria de formaci\u00f3; Juan Espinosa tindr\u00e0 el c\u00e0rrec de secretari de pol\u00edtica municipal i, finalment, Jennifer Tirado ser\u00e0 la secret\u00e0ria de comunicaci\u00f3 i igualtat.&nbsp;<\/p>\n\n\n\n<p class=\"wp-block-paragraph\">Tortajada ha expressat la seua satisfacci\u00f3 \u201cper l&#8217;assist\u00e8ncia i el suport rebut\u201d per part dels assistents al congr\u00e9s comarcal \u201cen una clara reivindicaci\u00f3 de la joventut com a factor important de transformaci\u00f3 en una societat que s&#8217;enfronta a nombrosos reptes en l&#8217;actualitat, especialment en mat\u00e8ria de valors d&#8217;igualtat i de just\u00edcia social, perspectiva de g\u00e8nere i drets\u201d.<\/p>\n","protected":false},"excerpt":{"rendered":"<div class=\"mh-excerpt\">Els militants donen suport a una candidatura d&#8217;integraci\u00f3 i consens&nbsp; Joves Socialistes de Camp de T\u00faria va proclamar ahir dissabte a Estel\u00b7la Tortajada com a nova secret\u00e0ria comarcal en un congr\u00e9s celebrat a Riba-roja de <a class=\"mh-excerpt-more\" href=\"https:\/\/tucomarca.whitekongsoftware.com\/ca\/estella-tortajada-es-elegida-secretaria-general-de-joves-socialistes-de-camp-de-turia-despres-de-rebre-un-suport-unanime\/\" title=\"Estel\u00b7la Tortajada \u00e9s elegida secret\u00e0ria general de Joves Socialistes de Camp de T\u00faria despr\u00e9s de rebre un suport un\u00e0nime\">[+] <\/a><\/div>\n","protected":false},"author":12,"featured_media":135235,"comment_status":"open","ping_status":"open","sticky":false,"template":"","format":"standard","meta":{"footnotes":""},"categories":[10892,10894,10947,10896],"tags":[10899,14847,11319],"class_list":["post-135236","post","type-post","status-publish","format-standard","has-post-thumbnail","category-camp-de-turia-ca","category-la-comarca-ca","category-politica","category-seccion-ca","tag-camp-de-turia-ca","tag-joves-socialistes-ca","tag-pspv-psoe-ca"],"_links":{"self":[{"href":"https:\/\/tucomarca.whitekongsoftware.com\/ca\/wp-json\/wp\/v2\/posts\/135236","targetHints":{"allow":["GET"]}}],"collection":[{"href":"https:\/\/tucomarca.whitekongsoftware.com\/ca\/wp-json\/wp\/v2\/posts"}],"about":[{"href":"https:\/\/tucomarca.whitekongsoftware.com\/ca\/wp-json\/wp\/v2\/types\/post"}],"author":[{"embeddable":true,"href":"https:\/\/tucomarca.whitekongsoftware.com\/ca\/wp-json\/wp\/v2\/users\/12"}],"replies":[{"embeddable":true,"href":"https:\/\/tucomarca.whitekongsoftware.com\/ca\/wp-json\/wp\/v2\/comments?post=135236"}],"version-history":[{"count":0,"href":"https:\/\/tucomarca.whitekongsoftware.com\/ca\/wp-json\/wp\/v2\/posts\/135236\/revisions"}],"wp:featuredmedia":[{"embeddable":true,"href":"https:\/\/tucomarca.whitekongsoftware.com\/ca\/wp-json\/wp\/v2\/media\/135235"}],"wp:attachment":[{"href":"https:\/\/tucomarca.whitekongsoftware.com\/ca\/wp-json\/wp\/v2\/media?parent=135236"}],"wp:term":[{"taxonomy":"category","embeddable":true,"href":"https:\/\/tucomarca.whitekongsoftware.com\/ca\/wp-json\/wp\/v2\/categories?post=135236"},{"taxonomy":"post_tag","embeddable":true,"href":"https:\/\/tucomarca.whitekongsoftware.com\/ca\/wp-json\/wp\/v2\/tags?post=135236"}],"curies":[{"name":"wp","href":"https:\/\/api.w.org\/{rel}","templated":true}]}}