{"id":135110,"date":"2021-06-11T10:00:00","date_gmt":"2021-06-11T09:00:00","guid":{"rendered":"http:\/\/www.tucomarca.com\/wordpress\/segunda\/?p=135110"},"modified":"2021-06-11T20:37:26","modified_gmt":"2021-06-11T19:37:26","slug":"el-moviment-democratic-de-dones-de-bunyol-convoca-una-manifestacio-en-la-placa-5-de-marc-en-repulsa-de-tots-els-feminicidis","status":"publish","type":"post","link":"https:\/\/tucomarca.whitekongsoftware.com\/ca\/el-moviment-democratic-de-dones-de-bunyol-convoca-una-manifestacio-en-la-placa-5-de-marc-en-repulsa-de-tots-els-feminicidis\/","title":{"rendered":"El Moviment Democr\u00e0tic de Dones de Bunyol convoca una manifestaci\u00f3 en la Pla\u00e7a 5 de mar\u00e7 en repulsa de tots els feminicidis"},"content":{"rendered":"\n<p class=\"wp-block-paragraph\">&#8220;La viol\u00e8ncia vic\u00e0ria \u00e9s una de les expressions m\u00e9s cruels de la viol\u00e8ncia masclista. Maten a les filles per a enterrar en vida a la mare. Des del Moviment Democr\u00e0tic de Dones (MDM)\u00a0de Bu\u00f1ol ens sumem a la repulsa contra aquest crim atro\u00e7 i us convoquem a les\u00a020h\u00a0de la vesprada en la Pla\u00e7a 5 de mar\u00e7 de la localitat per a demostrar que \u201cestem fartes, per\u00f2 tamb\u00e9 unides\u201d.<\/p>\n\n\n\n<p class=\"wp-block-paragraph\">En tots els ajuntaments d&#8217;Espanya s&#8217;han convocat diverses manifestacions a les&nbsp;22h. En el cas de Bu\u00f1ol a trav\u00e9s del&nbsp;MDM&nbsp;animen a tot el poble a assistir a una concentraci\u00f3, per\u00f2 a les&nbsp;20h, amb la finalitat de demostrar que aquest municipi condemna activament la viol\u00e8ncia masclista.<\/p>\n","protected":false},"excerpt":{"rendered":"<div class=\"mh-excerpt\">&#8220;La viol\u00e8ncia vic\u00e0ria \u00e9s una de les expressions m\u00e9s cruels de la viol\u00e8ncia masclista. Maten a les filles per a enterrar en vida a la mare. Des del Moviment Democr\u00e0tic de Dones (MDM)\u00a0de Bu\u00f1ol ens <a class=\"mh-excerpt-more\" href=\"https:\/\/tucomarca.whitekongsoftware.com\/ca\/el-moviment-democratic-de-dones-de-bunyol-convoca-una-manifestacio-en-la-placa-5-de-marc-en-repulsa-de-tots-els-feminicidis\/\" title=\"El Moviment Democr\u00e0tic de Dones de Bunyol convoca una manifestaci\u00f3 en la Pla\u00e7a 5 de mar\u00e7 en repulsa de tots els feminicidis\">[+] <\/a><\/div>\n","protected":false},"author":1,"featured_media":135108,"comment_status":"open","ping_status":"open","sticky":false,"template":"","format":"standard","meta":{"footnotes":""},"categories":[11019,10911,10912,10896,10897],"tags":[10913,11133],"class_list":["post-135110","post","type-post","status-publish","format-standard","has-post-thumbnail","category-agenda-ca","category-bunol-ca","category-la-hoya-ca","category-seccion-ca","category-sucesos-la-comarca-ca","tag-bunol-ca","tag-la-hoya-de-bunol-ca"],"_links":{"self":[{"href":"https:\/\/tucomarca.whitekongsoftware.com\/ca\/wp-json\/wp\/v2\/posts\/135110","targetHints":{"allow":["GET"]}}],"collection":[{"href":"https:\/\/tucomarca.whitekongsoftware.com\/ca\/wp-json\/wp\/v2\/posts"}],"about":[{"href":"https:\/\/tucomarca.whitekongsoftware.com\/ca\/wp-json\/wp\/v2\/types\/post"}],"author":[{"embeddable":true,"href":"https:\/\/tucomarca.whitekongsoftware.com\/ca\/wp-json\/wp\/v2\/users\/1"}],"replies":[{"embeddable":true,"href":"https:\/\/tucomarca.whitekongsoftware.com\/ca\/wp-json\/wp\/v2\/comments?post=135110"}],"version-history":[{"count":0,"href":"https:\/\/tucomarca.whitekongsoftware.com\/ca\/wp-json\/wp\/v2\/posts\/135110\/revisions"}],"wp:featuredmedia":[{"embeddable":true,"href":"https:\/\/tucomarca.whitekongsoftware.com\/ca\/wp-json\/wp\/v2\/media\/135108"}],"wp:attachment":[{"href":"https:\/\/tucomarca.whitekongsoftware.com\/ca\/wp-json\/wp\/v2\/media?parent=135110"}],"wp:term":[{"taxonomy":"category","embeddable":true,"href":"https:\/\/tucomarca.whitekongsoftware.com\/ca\/wp-json\/wp\/v2\/categories?post=135110"},{"taxonomy":"post_tag","embeddable":true,"href":"https:\/\/tucomarca.whitekongsoftware.com\/ca\/wp-json\/wp\/v2\/tags?post=135110"}],"curies":[{"name":"wp","href":"https:\/\/api.w.org\/{rel}","templated":true}]}}