{"id":135103,"date":"2021-06-11T12:00:00","date_gmt":"2021-06-11T11:00:00","guid":{"rendered":"http:\/\/www.tucomarca.com\/wordpress\/segunda\/?p=135103"},"modified":"2021-06-11T20:41:13","modified_gmt":"2021-06-11T19:41:13","slug":"lajuntament-de-bunyol-premia-als-seus-esportistes-i-associacions-locals-en-una-gala-de-lesport-en-linia","status":"publish","type":"post","link":"https:\/\/tucomarca.whitekongsoftware.com\/ca\/lajuntament-de-bunyol-premia-als-seus-esportistes-i-associacions-locals-en-una-gala-de-lesport-en-linia\/","title":{"rendered":"L&#8217;Ajuntament de Bunyol premia als seus esportistes i associacions locals en una Gala de l&#8217;Esport en l\u00ednia"},"content":{"rendered":"\n<p class=\"wp-block-paragraph\">A partir de les\u00a014h\u00a0es pot veure la III Gala de l&#8217;Esport de Bunyol a trav\u00e9s del canal de\u00a0You\u00a0Tube de radio televis\u00f3 municipal, de l&#8217;Ajuntament de Bunyol, i de les seues xarxes socials. Tamb\u00e9 en la web del Consistori\u00a0bu\u00f1olense\u00a0est\u00e0 en link on pot veure&#8217;s tantes vegades com es desitge.<\/p>\n\n\n\n<p class=\"wp-block-paragraph\">I \u00e9s que des de la Regidoria d&#8217;Esports de l&#8217;Ajuntament de Bu\u00f1ol confirmen que aquesta \u00e9s una Gala de l&#8217;Esport una miqueta diferent, a causa de la situaci\u00f3 sanit\u00e0ria en la qual ens trobem. \u00c9s per aix\u00f2, que aquesta Regidoria \u201cha decidit apostar per aquest format en l\u00ednia per a evitar possibles contagis. Una vegada la pand\u00e8mia estiga totalment controlada, aquesta gala tornar\u00e0 a la seua ubicaci\u00f3 habitual, l&#8217;Auditori a l&#8217;aire lliure de Sant Llu\u00eds\u201d.<\/p>\n\n\n\n<p class=\"wp-block-paragraph\">Manuel Sierra, edil responsable del ram, diu: \u201cCom hem dit ser\u00e0 una gala diferent, perqu\u00e8 la fem en format virtual, per\u00f2 tamb\u00e9 perqu\u00e8 l&#8217;esport, el nostre esport, s&#8217;ha vist tamb\u00e9 afectat pel&nbsp;COVID&nbsp;19 durant aquest \u00faltim any. Al mar\u00e7 de 2020 tot el nostre m\u00f3n es va parar, ens vam haver de quedar a casa i la vida ens va fer un tomb. M\u00e9s tard, amb molt d&#8217;esfor\u00e7 i sacrifici aconseguim eixir a poc a poc, i l&#8217;esport, entre altres aspectes de la vida, tamb\u00e9 va anar recuperant el seu espai. No obstant aix\u00f2, a la fi de 2020 una nova ona de la pand\u00e8mia va tornar a fer malb\u00e9 les esperances de recuperar la nostra activitat. Per\u00f2 una vegada va arribar el mes d&#8217;abril, semblava que tot, a poc a poc s&#8217;anava posant en el seu lloc. Amb tot aix\u00f2 vull dir, que a pesar que no hi haja hagut quasi competicions, campionats, tornejos, etc, en aquesta gala volem premiar el treball, la perseveran\u00e7a i la const\u00e0ncia de nostres i els nostres esportistes en un any molt dur\u201d<\/p>\n\n\n\n<p class=\"wp-block-paragraph\">El Regidor d&#8217;Esports tamb\u00e9 posa en valor el paper que ha jugat r\u00e0dio y tv municipal, que ha prestat els seus estudis i canals perqu\u00e8 la gala puga tirar avant.<\/p>\n","protected":false},"excerpt":{"rendered":"<div class=\"mh-excerpt\">A partir de les\u00a014h\u00a0es pot veure la III Gala de l&#8217;Esport de Bunyol a trav\u00e9s del canal de\u00a0You\u00a0Tube de radio televis\u00f3 municipal, de l&#8217;Ajuntament de Bunyol, i de les seues xarxes socials. Tamb\u00e9 en la <a class=\"mh-excerpt-more\" href=\"https:\/\/tucomarca.whitekongsoftware.com\/ca\/lajuntament-de-bunyol-premia-als-seus-esportistes-i-associacions-locals-en-una-gala-de-lesport-en-linia\/\" title=\"L&#8217;Ajuntament de Bunyol premia als seus esportistes i associacions locals en una Gala de l&#8217;Esport en l\u00ednia\">[+] <\/a><\/div>\n","protected":false},"author":1,"featured_media":135101,"comment_status":"open","ping_status":"open","sticky":false,"template":"","format":"standard","meta":{"footnotes":""},"categories":[10911,11003,10912,11009,10896],"tags":[10913,11074,10914],"class_list":["post-135103","post","type-post","status-publish","format-standard","has-post-thumbnail","category-bunol-ca","category-sports","category-la-hoya-ca","category-polideportivo-ca","category-seccion-ca","tag-bunol-ca","tag-deportes-ca","tag-la-hoya-de-bunol-chiva-ca"],"_links":{"self":[{"href":"https:\/\/tucomarca.whitekongsoftware.com\/ca\/wp-json\/wp\/v2\/posts\/135103","targetHints":{"allow":["GET"]}}],"collection":[{"href":"https:\/\/tucomarca.whitekongsoftware.com\/ca\/wp-json\/wp\/v2\/posts"}],"about":[{"href":"https:\/\/tucomarca.whitekongsoftware.com\/ca\/wp-json\/wp\/v2\/types\/post"}],"author":[{"embeddable":true,"href":"https:\/\/tucomarca.whitekongsoftware.com\/ca\/wp-json\/wp\/v2\/users\/1"}],"replies":[{"embeddable":true,"href":"https:\/\/tucomarca.whitekongsoftware.com\/ca\/wp-json\/wp\/v2\/comments?post=135103"}],"version-history":[{"count":0,"href":"https:\/\/tucomarca.whitekongsoftware.com\/ca\/wp-json\/wp\/v2\/posts\/135103\/revisions"}],"wp:featuredmedia":[{"embeddable":true,"href":"https:\/\/tucomarca.whitekongsoftware.com\/ca\/wp-json\/wp\/v2\/media\/135101"}],"wp:attachment":[{"href":"https:\/\/tucomarca.whitekongsoftware.com\/ca\/wp-json\/wp\/v2\/media?parent=135103"}],"wp:term":[{"taxonomy":"category","embeddable":true,"href":"https:\/\/tucomarca.whitekongsoftware.com\/ca\/wp-json\/wp\/v2\/categories?post=135103"},{"taxonomy":"post_tag","embeddable":true,"href":"https:\/\/tucomarca.whitekongsoftware.com\/ca\/wp-json\/wp\/v2\/tags?post=135103"}],"curies":[{"name":"wp","href":"https:\/\/api.w.org\/{rel}","templated":true}]}}