{"id":134945,"date":"2021-06-09T10:01:00","date_gmt":"2021-06-09T09:01:00","guid":{"rendered":"http:\/\/www.tucomarca.com\/wordpress\/segunda\/?p=134945"},"modified":"2021-06-09T14:07:00","modified_gmt":"2021-06-09T13:07:00","slug":"la-unio-unir-situa-en-els-2-milions-deuros-les-perdues-inicials-que-les-tempestes-amb-pedra-han-provocat-en-3-000-hectarees-de-cultiu","status":"publish","type":"post","link":"https:\/\/tucomarca.whitekongsoftware.com\/ca\/la-unio-unir-situa-en-els-2-milions-deuros-les-perdues-inicials-que-les-tempestes-amb-pedra-han-provocat-en-3-000-hectarees-de-cultiu\/","title":{"rendered":"La Uni\u00f3 unir situa en els 2 milions d&#8217;euros les p\u00e8rdues inicials que les tempestes amb pedra han provocat en 3.000 hect\u00e0rees de cultiu"},"content":{"rendered":"\n<p class=\"wp-block-paragraph\"><strong><strong><strong>La zona m\u00e9s afectada \u00e9s el Camp de T\u00faria i la Serrania, encara que tamb\u00e9 hi ha danys a La Safor, Ribera Baixa, Utiel-Requena i Alto Palancia<\/strong><\/strong><\/strong><\/p>\n\n\n\n<p class=\"wp-block-paragraph\">La Uni\u00f3 de Llauradors, en una primera valoraci\u00f3 d&#8217;urg\u00e8ncia, ha informat que les tempestes d&#8217;ahir van afectar amb diferent intensitat a unes 3.000 hect\u00e0rees de cultiu a les prov\u00edncies de Val\u00e8ncia i Castell\u00f3, amb unes p\u00e8rdues inicials que podrien rondar els 2 milions d&#8217;euros.<\/p>\n\n\n\n<p class=\"wp-block-paragraph\">Aquestes tempestes van arribar de manera inesperada, ja que AEMET no preveia cap mena de precipitacions i no s&#8217;havia declarat alerta groga. El front es va despla\u00e7ar d&#8217;oest a est per la part central de la Comunitat Valenciana i va estar acompanyat per pedra i molta aigua i raigs.<\/p>\n\n\n\n<p class=\"wp-block-paragraph\">Els cultius m\u00e9s afectats per aquest nou episodi de tempestes s\u00f3n les hortalisses (ceba, carabassa, mel\u00f3, piment\u00f3, tomaca, alberg\u00ednia, etc.,), c\u00edtrics, ametlers, olivar, vinya i caqui.<\/p>\n\n\n\n<p class=\"wp-block-paragraph\">El radi d&#8217;acci\u00f3 de les tempestes es va localitzar en quatre zones diferents de la Comunitat Valenciana. La m\u00e9s afectada \u00e9s el Camp de T\u00faria-La Serrania i les localitats on s&#8217;observen majors danys serien Ll\u00edria i en menor intensitat Casinos i Pedralba. Estarien ac\u00ed afectades unes 1.000 hect\u00e0rees, de les quals en 800 la pedra anava molt mesclada amb aigua i la incid\u00e8ncia oscil\u00b7la entre el 5 i el 10%. No obstant aix\u00f2, en les restants 200 ha, la pedra era de gran grand\u00e0ria i seca i els danys segons cultius i parcel\u00b7les podrien ascendir al 100%, sobretot en cebes. Els cultius m\u00e9s perjudicats s\u00f3n els c\u00edtrics, ametlers, oliveres, caqui i hortalisses, fonamentalment cebes i carabasses i en menor intensitat, mel\u00f3 d&#8217;Alger, pimentons i tomaques. La gran grand\u00e0ria de la pedra a l&#8217;inici de la tempesta (inicialment com un cigr\u00f3 i posteriorment com una ametla), va cobrir el s\u00f2l de fulles i han provocat danys en fusta que tindr\u00e0 repercussions, com a m\u00ednim, l&#8217;any que ve.<\/p>\n\n\n\n<p class=\"wp-block-paragraph\">La zona compresa entre La Safor i la Ribera Baixa seria la segona amb major afecci\u00f3, amb unes 1.200 Ha afectades (moltes d&#8217;elles zones de platja). Els danys, no obstant aix\u00f2, en anar acompanyat la pedra amb bastant aigua, seran de poca import\u00e0ncia, encara que no obstant aix\u00f2 en aquelles parcel\u00b7les m\u00e9s exposades els danys s\u00ed que tindran una certa import\u00e0ncia. Els termes municipals m\u00e9s afectats s\u00f3n Xeraco, Tavernes de Valldigna i Cullera i els cultius parcialment afectats serien en llenyosos: tarongers i caquis i en hort\u00edcoles: carabasses, melons, tomaques, pimentons i alberg\u00ednies.<\/p>\n\n\n\n<p class=\"wp-block-paragraph\">La comarca d&#8217;Utiel-Requena no s&#8217;ha deslliurat tampoc dels efectes de la tempesta d&#8217;ahir, fonamentalment Requena i els seus llogarets amb unes 200 Ha. Els danys seran de poca import\u00e0ncia i els cultius m\u00e9s afectats s\u00f3n la vinya, ametlers i oliveres.<\/p>\n\n\n\n<p class=\"wp-block-paragraph\">La zona de l&#8217;Alt Pal\u00e0ncia castellonenc tamb\u00e9 va resultar damnificada. La tempesta va afectar unes 500 Ha i afortunadament la pedra anava mesclada amb molta aigua. La major intensitat es va situar en zona de muntanya i per tant els cultius de cereals, ametlers i oliveres, es van veure poc afectats, encara que s&#8217;est\u00e0 acabant de visitar la comarca per a veure els danys.<\/p>\n\n\n\n<p class=\"wp-block-paragraph\">LA UNI\u00d3 sol\u00b7licitar\u00e0 mesures urgents per a les persones afectades com per exemple la concessi\u00f3 d&#8217;ajudes, repartiment gratu\u00eft de producte fungicida per a cicatritzar els danys, peritatge urgent dels danys coberts per l&#8217;asseguran\u00e7a, la reducci\u00f3 del m\u00f2dul de l&#8217;IRPF, la condonaci\u00f3 de l&#8217;IBI de les parcel\u00b7les cultivades i construccions presents en elles, la bonificaci\u00f3 de les quotes de la Seguretat Social durant un any, l&#8217;establiment de pr\u00e9stecs amb inter\u00e9s subvencionat i tamb\u00e9 una s\u00e8rie d&#8217;actuacions i ajudes per a les cooperatives comercialitzadores afectades.<\/p>\n","protected":false},"excerpt":{"rendered":"<div class=\"mh-excerpt\">La zona m\u00e9s afectada \u00e9s el Camp de T\u00faria i la Serrania, encara que tamb\u00e9 hi ha danys a La Safor, Ribera Baixa, Utiel-Requena i Alto Palancia La Uni\u00f3 de Llauradors, en una primera valoraci\u00f3 <a class=\"mh-excerpt-more\" href=\"https:\/\/tucomarca.whitekongsoftware.com\/ca\/la-unio-unir-situa-en-els-2-milions-deuros-les-perdues-inicials-que-les-tempestes-amb-pedra-han-provocat-en-3-000-hectarees-de-cultiu\/\" title=\"La Uni\u00f3 unir situa en els 2 milions d&#8217;euros les p\u00e8rdues inicials que les tempestes amb pedra han provocat en 3.000 hect\u00e0rees de cultiu\">[+] <\/a><\/div>\n","protected":false},"author":1,"featured_media":134943,"comment_status":"open","ping_status":"open","sticky":false,"template":"","format":"standard","meta":{"footnotes":""},"categories":[10905,11046,10898,10948,10894,10904,10902,10909,10896,10897],"tags":[11333,11928,11080,11459],"class_list":["post-134945","post","type-post","status-publish","format-standard","has-post-thumbnail","category-agricultura-la-comarca-ca","category-los-serranos-ca","category-ventana-ca","category-infraestructuras-ca","category-la-comarca-ca","category-sin-categorizar-ca","category-la-ribera-ca","category-requena-utiel-ca","category-seccion-ca","category-sucesos-la-comarca-ca","tag-la-ribera-2-ca","tag-la-serrania-ca","tag-los-serranos-ca","tag-utiel-requena-ca"],"_links":{"self":[{"href":"https:\/\/tucomarca.whitekongsoftware.com\/ca\/wp-json\/wp\/v2\/posts\/134945","targetHints":{"allow":["GET"]}}],"collection":[{"href":"https:\/\/tucomarca.whitekongsoftware.com\/ca\/wp-json\/wp\/v2\/posts"}],"about":[{"href":"https:\/\/tucomarca.whitekongsoftware.com\/ca\/wp-json\/wp\/v2\/types\/post"}],"author":[{"embeddable":true,"href":"https:\/\/tucomarca.whitekongsoftware.com\/ca\/wp-json\/wp\/v2\/users\/1"}],"replies":[{"embeddable":true,"href":"https:\/\/tucomarca.whitekongsoftware.com\/ca\/wp-json\/wp\/v2\/comments?post=134945"}],"version-history":[{"count":0,"href":"https:\/\/tucomarca.whitekongsoftware.com\/ca\/wp-json\/wp\/v2\/posts\/134945\/revisions"}],"wp:featuredmedia":[{"embeddable":true,"href":"https:\/\/tucomarca.whitekongsoftware.com\/ca\/wp-json\/wp\/v2\/media\/134943"}],"wp:attachment":[{"href":"https:\/\/tucomarca.whitekongsoftware.com\/ca\/wp-json\/wp\/v2\/media?parent=134945"}],"wp:term":[{"taxonomy":"category","embeddable":true,"href":"https:\/\/tucomarca.whitekongsoftware.com\/ca\/wp-json\/wp\/v2\/categories?post=134945"},{"taxonomy":"post_tag","embeddable":true,"href":"https:\/\/tucomarca.whitekongsoftware.com\/ca\/wp-json\/wp\/v2\/tags?post=134945"}],"curies":[{"name":"wp","href":"https:\/\/api.w.org\/{rel}","templated":true}]}}