{"id":134846,"date":"2021-06-08T10:00:00","date_gmt":"2021-06-08T09:00:00","guid":{"rendered":"http:\/\/www.tucomarca.com\/wordpress\/segunda\/?p=134846"},"modified":"2021-06-08T22:58:11","modified_gmt":"2021-06-08T21:58:11","slug":"la-comarca-ja-compta-amb-dues-entitats-certificadores-de-competencies-professionals","status":"publish","type":"post","link":"https:\/\/tucomarca.whitekongsoftware.com\/ca\/la-comarca-ja-compta-amb-dues-entitats-certificadores-de-competencies-professionals\/","title":{"rendered":"La comarca ja compta amb dues entitats certificadores de compet\u00e8ncies professionals"},"content":{"rendered":"\n<p class=\"wp-block-paragraph\"><em>Els IES Oleana de Requena i IES Miguel Ballesteros Viana d&#8217;Utiel ja estan preparats per a dur a terme el procediment d&#8217;avaluaci\u00f3 i acreditaci\u00f3 de compet\u00e8ncies professionals (PEAC) permanent de la Comunitat Valenciana<\/em><\/p>\n\n\n\n<p class=\"wp-block-paragraph\"><em>Aquesta acreditaci\u00f3 oficial t\u00e9 validesa en tot el territori de l&#8217;Estat i \u00e9s un pas m\u00e9s en l&#8217;obtenci\u00f3 d&#8217;ocupacions de qualitat<\/em><\/p>\n\n\n\n<p class=\"wp-block-paragraph\">Els IES Oleana de Requena i IES Miguel Ballesteros Viana d&#8217;Utiel han sigut reconeguts com a seus certificadores de compet\u00e8ncies professionals, en el marc del programa d&#8217;Acreditaci\u00f3 de la Compet\u00e8ncia Professional (PEAC) de la Conselleria d&#8217;Educaci\u00f3. Gr\u00e0cies a aquest programa, les persones que no compten amb una certificaci\u00f3 oficial relacionada amb la seua traject\u00f2ria laboral o formativa podran optar a recon\u00e9ixer la seua experi\u00e8ncia de manera oficial.<\/p>\n\n\n\n<p class=\"wp-block-paragraph\">Aquesta actuaci\u00f3 \u00e9s molt important per a obtindre ocupacions de qualitat, sobretot en el marc europeu, on el 85% dels llocs de treball s&#8217;exigiran qualificacions professionals. \u00c9s important destacar que \u00e9s una acreditaci\u00f3 oficial amb validesa en tot el territori de l&#8217;Estat espanyol.<\/p>\n\n\n\n<p class=\"wp-block-paragraph\">Els professionals de les fam\u00edlies d&#8217;Electricitat i Electr\u00f2nica, Fabricaci\u00f3 Mec\u00e0nica i Transport i Manteniment de Vehicles podran tramitar directament les seues acreditacions oficials en l&#8217;IES Oleana de Requena. I en l&#8217;IES Miguel Ballesteros de totes les especialitats professionals de Sanitat i Electricitat i Electr\u00f2nica que s&#8217;imparteixen en el centre.<\/p>\n\n\n\n<p class=\"wp-block-paragraph\">A m\u00e9s, l&#8217;oferta formativa comarcal d&#8217;FP ha crescut \u00faltimament amb dos nous Cicles de Grau Superior en l&#8217;IES Miguel Ballesteros Viana d&#8217;Utiel: T\u00e8cnic Superior en Sistemes Electrot\u00e8cnics i Automatitzats i T\u00e8cnic Superior en Ensenyament i Animaci\u00f3 Socioesportiva. Per part seua, com a novetat tamb\u00e9 enguany, l&#8217;IES Oleana de Requena compta amb la modalitat de Formaci\u00f3 Dual en el Cicle de Grau Superior d&#8217;Automatitzaci\u00f3 i Rob\u00f2tica Industrial i en els Cicles de Grau Mitj\u00e0 d&#8217;Electromec\u00e0nica de Vehicles i Mecanitzat (tamb\u00e9 disponible en semipresencial).<\/p>\n\n\n\n<p class=\"wp-block-paragraph\">A la comarca comptem a m\u00e9s amb 5 centres de formaci\u00f3 professional i 24 titulacions diferents. Una clara aposta per la formaci\u00f3 per a l&#8217;ocupaci\u00f3 secundada i difosa des del Projecte Experimental d&#8217;Ocupaci\u00f3 ADAPT@+T 21.<\/p>\n","protected":false},"excerpt":{"rendered":"<div class=\"mh-excerpt\">Els IES Oleana de Requena i IES Miguel Ballesteros Viana d&#8217;Utiel ja estan preparats per a dur a terme el procediment d&#8217;avaluaci\u00f3 i acreditaci\u00f3 de compet\u00e8ncies professionals (PEAC) permanent de la Comunitat Valenciana Aquesta acreditaci\u00f3 <a class=\"mh-excerpt-more\" href=\"https:\/\/tucomarca.whitekongsoftware.com\/ca\/la-comarca-ja-compta-amb-dues-entitats-certificadores-de-competencies-professionals\/\" title=\"La comarca ja compta amb dues entitats certificadores de compet\u00e8ncies professionals\">[+] <\/a><\/div>\n","protected":false},"author":12,"featured_media":129145,"comment_status":"open","ping_status":"open","sticky":false,"template":"","format":"standard","meta":{"footnotes":""},"categories":[12429,10948,10894,10908,10909,10896,11059],"tags":[11099,10910,11174],"class_list":["post-134846","post","type-post","status-publish","format-standard","has-post-thumbnail","category-educacion-seccion-ca","category-infraestructuras-ca","category-la-comarca-ca","category-requena-ca","category-requena-utiel-ca","category-seccion-ca","category-utiel-ca","tag-requena-ca","tag-requena-utiel-ca","tag-utiel-ca"],"_links":{"self":[{"href":"https:\/\/tucomarca.whitekongsoftware.com\/ca\/wp-json\/wp\/v2\/posts\/134846","targetHints":{"allow":["GET"]}}],"collection":[{"href":"https:\/\/tucomarca.whitekongsoftware.com\/ca\/wp-json\/wp\/v2\/posts"}],"about":[{"href":"https:\/\/tucomarca.whitekongsoftware.com\/ca\/wp-json\/wp\/v2\/types\/post"}],"author":[{"embeddable":true,"href":"https:\/\/tucomarca.whitekongsoftware.com\/ca\/wp-json\/wp\/v2\/users\/12"}],"replies":[{"embeddable":true,"href":"https:\/\/tucomarca.whitekongsoftware.com\/ca\/wp-json\/wp\/v2\/comments?post=134846"}],"version-history":[{"count":0,"href":"https:\/\/tucomarca.whitekongsoftware.com\/ca\/wp-json\/wp\/v2\/posts\/134846\/revisions"}],"wp:featuredmedia":[{"embeddable":true,"href":"https:\/\/tucomarca.whitekongsoftware.com\/ca\/wp-json\/wp\/v2\/media\/129145"}],"wp:attachment":[{"href":"https:\/\/tucomarca.whitekongsoftware.com\/ca\/wp-json\/wp\/v2\/media?parent=134846"}],"wp:term":[{"taxonomy":"category","embeddable":true,"href":"https:\/\/tucomarca.whitekongsoftware.com\/ca\/wp-json\/wp\/v2\/categories?post=134846"},{"taxonomy":"post_tag","embeddable":true,"href":"https:\/\/tucomarca.whitekongsoftware.com\/ca\/wp-json\/wp\/v2\/tags?post=134846"}],"curies":[{"name":"wp","href":"https:\/\/api.w.org\/{rel}","templated":true}]}}