{"id":134794,"date":"2021-06-07T23:55:00","date_gmt":"2021-06-07T22:55:00","guid":{"rendered":"http:\/\/www.tucomarca.com\/wordpress\/segunda\/?p=134794"},"modified":"2021-06-08T00:08:18","modified_gmt":"2021-06-07T23:08:18","slug":"la-jove-bunyolense-ines-gimenez-criado-es-proclama-subcampiona-despanya-2021-en-la-categoria-juvenil-femeni-de-frontenis","status":"publish","type":"post","link":"https:\/\/tucomarca.whitekongsoftware.com\/ca\/la-jove-bunyolense-ines-gimenez-criado-es-proclama-subcampiona-despanya-2021-en-la-categoria-juvenil-femeni-de-frontenis\/","title":{"rendered":"La jove bunyolense In\u00e9s Gim\u00e9nez Criado es proclama subcampiona d&#8217;Espanya 2021 en la categoria Juvenil Femen\u00ed de Frontenis"},"content":{"rendered":"\n<p class=\"wp-block-paragraph\">El passat cap de setmana va celebrar a Carlet el Campionat d&#8217;Espanya Edat Escolar F30M per Federacions Frontenis PRE en el qual ha participat representant a la Comunitat Valenciana la jugadora del Club Frontenis Esportiu Bunyol, In\u00e9s Gim\u00e9nez Criado, proclamant-se subcampiona d&#8217;Espanya 2021.<br>In\u00e9s que juga de zaguera va formar parella amb Carmen Toro que juga de davantera, aconseguint una merescuda plata en una final que va estar molt barallada.<br>En la categoria de Juvenil participaven cinc equips, tres de la Comunitat Valenciana, un de Can\u00e0ries i un de Castella-la Manxa.<\/p>\n\n\n\n<figure class=\"wp-block-gallery columns-1 is-cropped wp-block-gallery-1 is-layout-flex wp-block-gallery-is-layout-flex\"><ul class=\"blocks-gallery-grid\"><li class=\"blocks-gallery-item\"><figure><img loading=\"lazy\" decoding=\"async\" width=\"787\" height=\"455\" src=\"http:\/\/www.tucomarca.com\/wordpress\/segunda\/wp-content\/uploads\/2021\/06\/InesFrontenis01.jpg\" alt=\"\" data-id=\"134787\" data-full-url=\"http:\/\/www.tucomarca.com\/wordpress\/segunda\/wp-content\/uploads\/2021\/06\/InesFrontenis01.jpg\" data-link=\"http:\/\/www.tucomarca.com\/wordpress\/segunda\/?attachment_id=134787\" class=\"wp-image-134787\" srcset=\"https:\/\/tucomarca.whitekongsoftware.com\/wp-content\/uploads\/2021\/06\/InesFrontenis01.jpg 787w, https:\/\/tucomarca.whitekongsoftware.com\/wp-content\/uploads\/2021\/06\/InesFrontenis01-300x173.jpg 300w, https:\/\/tucomarca.whitekongsoftware.com\/wp-content\/uploads\/2021\/06\/InesFrontenis01-768x444.jpg 768w\" sizes=\"auto, (max-width: 787px) 100vw, 787px\" \/><\/figure><\/li><li class=\"blocks-gallery-item\"><figure><img loading=\"lazy\" decoding=\"async\" width=\"787\" height=\"443\" src=\"http:\/\/www.tucomarca.com\/wordpress\/segunda\/wp-content\/uploads\/2021\/06\/InesFrontenis02.jpg\" alt=\"\" data-id=\"134789\" data-full-url=\"http:\/\/www.tucomarca.com\/wordpress\/segunda\/wp-content\/uploads\/2021\/06\/InesFrontenis02.jpg\" data-link=\"http:\/\/www.tucomarca.com\/wordpress\/segunda\/?attachment_id=134789\" class=\"wp-image-134789\" srcset=\"https:\/\/tucomarca.whitekongsoftware.com\/wp-content\/uploads\/2021\/06\/InesFrontenis02.jpg 787w, https:\/\/tucomarca.whitekongsoftware.com\/wp-content\/uploads\/2021\/06\/InesFrontenis02-300x169.jpg 300w, https:\/\/tucomarca.whitekongsoftware.com\/wp-content\/uploads\/2021\/06\/InesFrontenis02-768x432.jpg 768w, https:\/\/tucomarca.whitekongsoftware.com\/wp-content\/uploads\/2021\/06\/InesFrontenis02-678x381.jpg 678w\" sizes=\"auto, (max-width: 787px) 100vw, 787px\" \/><\/figure><\/li><\/ul><\/figure>\n","protected":false},"excerpt":{"rendered":"<div class=\"mh-excerpt\">El passat cap de setmana va celebrar a Carlet el Campionat d&#8217;Espanya Edat Escolar F30M per Federacions Frontenis PRE en el qual ha participat representant a la Comunitat Valenciana la jugadora del Club Frontenis Esportiu <a class=\"mh-excerpt-more\" href=\"https:\/\/tucomarca.whitekongsoftware.com\/ca\/la-jove-bunyolense-ines-gimenez-criado-es-proclama-subcampiona-despanya-2021-en-la-categoria-juvenil-femeni-de-frontenis\/\" title=\"La jove bunyolense In\u00e9s Gim\u00e9nez Criado es proclama subcampiona d&#8217;Espanya 2021 en la categoria Juvenil Femen\u00ed de Frontenis\">[+] <\/a><\/div>\n","protected":false},"author":12,"featured_media":134793,"comment_status":"open","ping_status":"open","sticky":false,"template":"","format":"gallery","meta":{"footnotes":""},"categories":[10911,10990,11003,10894,10912,10902,11009,10896],"tags":[10913,14792,14442,14793,10914],"class_list":["post-134794","post","type-post","status-publish","format-gallery","has-post-thumbnail","category-bunol-ca","category-carlet-ca","category-sports","category-la-comarca-ca","category-la-hoya-ca","category-la-ribera-ca","category-polideportivo-ca","category-seccion-ca","tag-bunol-ca","tag-campeonato-de-espana-ca","tag-frontenis-ca","tag-ines-gimenez-criado-ca","tag-la-hoya-de-bunol-chiva-ca","post_format-post-format-gallery"],"_links":{"self":[{"href":"https:\/\/tucomarca.whitekongsoftware.com\/ca\/wp-json\/wp\/v2\/posts\/134794","targetHints":{"allow":["GET"]}}],"collection":[{"href":"https:\/\/tucomarca.whitekongsoftware.com\/ca\/wp-json\/wp\/v2\/posts"}],"about":[{"href":"https:\/\/tucomarca.whitekongsoftware.com\/ca\/wp-json\/wp\/v2\/types\/post"}],"author":[{"embeddable":true,"href":"https:\/\/tucomarca.whitekongsoftware.com\/ca\/wp-json\/wp\/v2\/users\/12"}],"replies":[{"embeddable":true,"href":"https:\/\/tucomarca.whitekongsoftware.com\/ca\/wp-json\/wp\/v2\/comments?post=134794"}],"version-history":[{"count":0,"href":"https:\/\/tucomarca.whitekongsoftware.com\/ca\/wp-json\/wp\/v2\/posts\/134794\/revisions"}],"wp:featuredmedia":[{"embeddable":true,"href":"https:\/\/tucomarca.whitekongsoftware.com\/ca\/wp-json\/wp\/v2\/media\/134793"}],"wp:attachment":[{"href":"https:\/\/tucomarca.whitekongsoftware.com\/ca\/wp-json\/wp\/v2\/media?parent=134794"}],"wp:term":[{"taxonomy":"category","embeddable":true,"href":"https:\/\/tucomarca.whitekongsoftware.com\/ca\/wp-json\/wp\/v2\/categories?post=134794"},{"taxonomy":"post_tag","embeddable":true,"href":"https:\/\/tucomarca.whitekongsoftware.com\/ca\/wp-json\/wp\/v2\/tags?post=134794"}],"curies":[{"name":"wp","href":"https:\/\/api.w.org\/{rel}","templated":true}]}}