{"id":134768,"date":"2021-06-08T06:32:00","date_gmt":"2021-06-08T05:32:00","guid":{"rendered":"http:\/\/www.tucomarca.com\/wordpress\/segunda\/?p=134768"},"modified":"2021-06-08T06:46:03","modified_gmt":"2021-06-08T05:46:03","slug":"la-penultima-actuacio-de-musica-a-la-primavera-porta-a-cheste-a-gypsy-i-els-gats-rumbers","status":"publish","type":"post","link":"https:\/\/tucomarca.whitekongsoftware.com\/ca\/la-penultima-actuacio-de-musica-a-la-primavera-porta-a-cheste-a-gypsy-i-els-gats-rumbers\/","title":{"rendered":"La pen\u00faltima actuaci\u00f3 de M\u00fasica a la primavera porta a Cheste a Gypsy i els gats rumbers"},"content":{"rendered":"\n<p class=\"wp-block-paragraph\">La proposta cultural M\u00fasica a la primavera arriba a la seua recta final i la pen\u00faltima actuaci\u00f3 del cicle va portar a Cheste a Gypsy i els gats rumbers, una agrupaci\u00f3 que va omplir la pla\u00e7a II Rep\u00fablica de Jazz Manouche, xarleston, folk balc\u00e0nic, rumba, flamenc i swing.<\/p>\n\n\n\n<p class=\"wp-block-paragraph\">\u201cAquesta agrupaci\u00f3 va comen\u00e7ar la seua marxa l&#8217;any 2008, quan cinc m\u00fasics de Requena enlluernats pel Jazz Manouche o Gypsy Jazz, creat pel m\u00fasic belga Django Reinhardt, es van reunir per a tocar la m\u00fasica que els agradava. Amb el pas dels anys s&#8217;han unit a l&#8217;experi\u00e8ncia diferents m\u00fasics, fins a arribar a la configuraci\u00f3 actual composta per guitarra solista, guitarra r\u00edtmica, viol\u00ed, contrabaix, percussi\u00f3 i veu\u201d, anunciava la regidora de Cultura, M\u00aa \u00c1ngeles Llorente, en la presentaci\u00f3 de l&#8217;espectacle. \u201cEn 2018 Gypsy i els gats rumbers va presentar el seu segon disc, Crazy Cats, i va ser grup guanyador dels premis M\u00fasica en Femen\u00ed de Sona La Dipu. Recentment, en 2020 han publicat un nou treball titulat Cats save de swing, un treball magistral carregat d&#8217;esfor\u00e7\u201d.<\/p>\n\n\n\n<p class=\"wp-block-paragraph\">El pr\u00f2xim cap de setmana conclour\u00e0 el cicle musical que va arrancar a principis de maig, amb l&#8217;actuaci\u00f3 de Sons d\u2019Embat, el diumenge 13 de juny a les 19.30 en la pla\u00e7a II Rep\u00fablica. \u201cDespr\u00e9s del tancament de M\u00fasica a la primavera comen\u00e7ar\u00e0 el cicle de serenates i canviarem aquest escenari pel de la pla\u00e7a Doctor Cajal\u201d, apuntava la regidora. \u201cAgra\u00efsc a totes les persones que cap de setmana rere cap de setmana ens han acompanyat en M\u00fasica a la primavera i els convide a continuar gaudint de la m\u00fasica en les serenates d&#8217;estiu\u201d.<\/p>\n\n\n\n<p class=\"wp-block-paragraph\"><\/p>\n","protected":false},"excerpt":{"rendered":"<div class=\"mh-excerpt\">La proposta cultural M\u00fasica a la primavera arriba a la seua recta final i la pen\u00faltima actuaci\u00f3 del cicle va portar a Cheste a Gypsy i els gats rumbers, una agrupaci\u00f3 que va omplir la <a class=\"mh-excerpt-more\" href=\"https:\/\/tucomarca.whitekongsoftware.com\/ca\/la-penultima-actuacio-de-musica-a-la-primavera-porta-a-cheste-a-gypsy-i-els-gats-rumbers\/\" title=\"La pen\u00faltima actuaci\u00f3 de M\u00fasica a la primavera porta a Cheste a Gypsy i els gats rumbers\">[+] <\/a><\/div>\n","protected":false},"author":12,"featured_media":134766,"comment_status":"open","ping_status":"open","sticky":false,"template":"","format":"standard","meta":{"footnotes":""},"categories":[11005,10894,10912,11007,10896,10974],"tags":[11071,14507,10914],"class_list":["post-134768","post","type-post","status-publish","format-standard","has-post-thumbnail","category-canal-musica","category-la-comarca-ca","category-la-hoya-ca","category-ocio-y-cultura-ca","category-seccion-ca","category-cheste-ca","tag-cheste","tag-ciclo-musica-en-primavera-ca","tag-la-hoya-de-bunol-chiva-ca"],"_links":{"self":[{"href":"https:\/\/tucomarca.whitekongsoftware.com\/ca\/wp-json\/wp\/v2\/posts\/134768","targetHints":{"allow":["GET"]}}],"collection":[{"href":"https:\/\/tucomarca.whitekongsoftware.com\/ca\/wp-json\/wp\/v2\/posts"}],"about":[{"href":"https:\/\/tucomarca.whitekongsoftware.com\/ca\/wp-json\/wp\/v2\/types\/post"}],"author":[{"embeddable":true,"href":"https:\/\/tucomarca.whitekongsoftware.com\/ca\/wp-json\/wp\/v2\/users\/12"}],"replies":[{"embeddable":true,"href":"https:\/\/tucomarca.whitekongsoftware.com\/ca\/wp-json\/wp\/v2\/comments?post=134768"}],"version-history":[{"count":0,"href":"https:\/\/tucomarca.whitekongsoftware.com\/ca\/wp-json\/wp\/v2\/posts\/134768\/revisions"}],"wp:featuredmedia":[{"embeddable":true,"href":"https:\/\/tucomarca.whitekongsoftware.com\/ca\/wp-json\/wp\/v2\/media\/134766"}],"wp:attachment":[{"href":"https:\/\/tucomarca.whitekongsoftware.com\/ca\/wp-json\/wp\/v2\/media?parent=134768"}],"wp:term":[{"taxonomy":"category","embeddable":true,"href":"https:\/\/tucomarca.whitekongsoftware.com\/ca\/wp-json\/wp\/v2\/categories?post=134768"},{"taxonomy":"post_tag","embeddable":true,"href":"https:\/\/tucomarca.whitekongsoftware.com\/ca\/wp-json\/wp\/v2\/tags?post=134768"}],"curies":[{"name":"wp","href":"https:\/\/api.w.org\/{rel}","templated":true}]}}