{"id":134747,"date":"2021-06-07T09:03:00","date_gmt":"2021-06-07T08:03:00","guid":{"rendered":"http:\/\/www.tucomarca.com\/wordpress\/segunda\/?p=134747"},"modified":"2021-06-07T14:09:17","modified_gmt":"2021-06-07T13:09:17","slug":"riba-roja-trasllada-la-biblioteca-municipal-als-parcs-publics-i-les-urbanitzacions-per-a-difondre-lhabit-de-la-lectura","status":"publish","type":"post","link":"https:\/\/tucomarca.whitekongsoftware.com\/ca\/riba-roja-trasllada-la-biblioteca-municipal-als-parcs-publics-i-les-urbanitzacions-per-a-difondre-lhabit-de-la-lectura\/","title":{"rendered":"Riba-roja trasllada la biblioteca municipal als parcs p\u00fablics i les urbanitzacions per a difondre l&#8217;h\u00e0bit de la lectura"},"content":{"rendered":"\n<h4 class=\"wp-block-heading\">M\u00e9s de 400 persones assisteixen a aquesta iniciativa municipal<\/h4>\n\n\n\n<p class=\"wp-block-paragraph\">L&#8217;Ajuntament de Riba-roja de T\u00faria ha posat en marxa la campanya \u201cRoda Llibres\u201d l&#8217;objectiu de la qual \u00e9s traslladar la biblioteca municipal als parcs p\u00fablics del nucli urb\u00e0 i de les urbanitzacions. Aquesta iniciativa ha tingut lloc al llarg del passat mes de maig i es prolongar\u00e0 durant tot el mes de juny en el nucli urb\u00e0 mentre que al juliol s&#8217;estendran, tamb\u00e9, a les \u00e0rees residencials del terme municipal.&nbsp;<\/p>\n\n\n\n<p class=\"wp-block-paragraph\">El departament d&#8217;Educaci\u00f3 i Cultura de Riba-roja de T\u00faria ha iniciat aquest projecte municipal amb l&#8217;objectiu de difondre i potenciar l&#8217;h\u00e0bit lector entre els m\u00e9s joves de la localitat i per a aix\u00f2 cada dimarts durant els mesos de maig i juny trasllada bona part del material existent en la xarxa de biblioteques p\u00fabliques als parcs municipals del nucli urb\u00e0.&nbsp;<\/p>\n\n\n\n<p class=\"wp-block-paragraph\">Sota el lema \u201cRoda Llibres\u201d, aquest projecte pioner t\u00e9 una cita amb els m\u00e9s joves durant una hora i mitja en total \u2013de 18 a 19.30 hores- en les quals els t\u00e8cnics de la biblioteca interactuen amb els m\u00e9s xicotets i els seus pares als parcs p\u00fablics en els quals no sols es dediquen al pr\u00e9stec de llibres infantils i juvenils, sin\u00f3 que, tamb\u00e9, tenen l&#8217;ocasi\u00f3 de projectar iniciatives de foment de l&#8217;animaci\u00f3 lectora.&nbsp;<\/p>\n\n\n\n<p class=\"wp-block-paragraph\">Per a aix\u00f2, dediquen un temps notable de la seua estada en aquesta mena d&#8217;espai p\u00fablic a posar en pr\u00e0ctica diverses activitats la pretensi\u00f3 final de les quals passa per fomentar i potenciar l&#8217;h\u00e0bit a la lectura entre els m\u00e9s joves, amb lectures teatralitzades i diversos tipus d&#8217;animaci\u00f3 perqu\u00e8 els assistents tinguen l&#8217;ocasi\u00f3 d&#8217;interactuar i implicar-se en el gust per la lectura. La iniciativa s&#8217;ha ampliat en les \u00faltimes cites amb la pres\u00e8ncia de pallassos en les lectures teatralitzades per a captar amb major facilitat l&#8217;atenci\u00f3 del p\u00fablic m\u00e9s xicotet.&nbsp;<br>El \u201cRoda Llibres\u201d s&#8217;ha despla\u00e7at fins al moment als parcs de Riba-roja de T\u00faria de la Pla\u00e7a de l\u2019Estaci\u00f3, el parc Vicent Andr\u00e9s Estell\u00e9s, el parc de l\u2019Avinguda Azor\u00edn i el parc Heliodoro Gimeno, mentre que en les pr\u00f2ximes cites d&#8217;aquest mateix mes de juny tindr\u00e0 lloc en la Pla\u00e7a de l\u2019Ajuntament i el Parc de la Pineda, tots ells situats en el propi nucli urb\u00e0.&nbsp;<\/p>\n\n\n\n<p class=\"wp-block-paragraph\">Per al mes de juliol, la iniciativa augmentar\u00e0 la seua pres\u00e8ncia no sols als dimarts sin\u00f3 tamb\u00e9 als dijous de cada setmana i, a m\u00e9s, no sols tindr\u00e0 lloc als parcs del propi nucli urb\u00e0, sin\u00f3 que es despla\u00e7aran al mateix temps a les \u00e0rees residencials existents en el terme municipal de Riba-roja de T\u00faria, com \u00e9s el cas de la Reva, Entrenaranjos, Masia de Traver i, finalment, Val\u00e8ncia la Vella.&nbsp;<\/p>\n\n\n\n<p class=\"wp-block-paragraph\">Durant el present mes i el seg\u00fcent, la iniciativa es complementa amb una actuaci\u00f3 de pallassos que interactuen amb el p\u00fablic assistent i afigen, a m\u00e9s, un compte-contes per als m\u00e9s xicotets. La companyia \u201cChirimbolo Teatre\u201d s&#8217;encarrega de dur a terme aquesta activitat en les 13 sessions que es desenvoluparan al llarg del mes de juny i juliol.&nbsp;<\/p>\n\n\n\n<p class=\"wp-block-paragraph\">El bon acolliment que ha tingut aquesta iniciativa entre el p\u00fablic s&#8217;ha tradu\u00eft en el nombr\u00f3s p\u00fablic que acudeix cada dimarts als parcs de Riba-roja estipulats en cada ocasi\u00f3, amb m\u00e9s de 400 persones assistents fins ara i una mitjana de 100 persones en cadascuna d&#8217;elles. En cada cita, els t\u00e8cnics de la biblioteca acudeixen amb una furgoneta en l&#8217;interior de la qual traslladen els llibres, a m\u00e9s de taules, cadires i tot el material necessari per al muntatge de les corresponents carpes on es realitza l&#8217;activitat.&nbsp;<\/p>\n\n\n\n<p class=\"wp-block-paragraph\">La iniciativa \u201cRoda Llibres\u201d conclour\u00e0 el mes vinent de juliol, se suspendr\u00e0 a l&#8217;agost per a evitar les altes temperatures estiuenques en les quals es poden produir els despla\u00e7aments per motius vacacionals i es tornar\u00e0 a reprendre entre els mesos de setembre i octubre a l&#8217;aire lliure. A continuaci\u00f3, s&#8217;interrompr\u00e0 en coincidir amb l&#8217;arribada dels mesos hivernals fins a la nova temporada que s&#8217;iniciar\u00e0 a l&#8217;abril i conclour\u00e0 a l&#8217;octubre.&nbsp;<\/p>\n\n\n\n<p class=\"wp-block-paragraph\">La regidora de Cultura de Riba-roja, Z\u00e1fira P\u00e9rez, ha subratllat \u201cel gran acolliment que ha tingut entre el p\u00fablic aquesta iniciativa que hav\u00edem planificat amb anterioritat a la pand\u00e8mia i que ara hem posat en marxa en un moment en el qual les persones demanden activitats en espais oberts i ben ventilats i fugen dels recintes tancats i possibles propagadors del covid; per aix\u00f2, la potenciarem com a manera de fomentar la lectura entre els joves\u201d.<\/p>\n\n\n\n<p class=\"wp-block-paragraph\"><\/p>\n","protected":false},"excerpt":{"rendered":"<div class=\"mh-excerpt\">M\u00e9s de 400 persones assisteixen a aquesta iniciativa municipal L&#8217;Ajuntament de Riba-roja de T\u00faria ha posat en marxa la campanya \u201cRoda Llibres\u201d l&#8217;objectiu de la qual \u00e9s traslladar la biblioteca municipal als parcs p\u00fablics del <a class=\"mh-excerpt-more\" href=\"https:\/\/tucomarca.whitekongsoftware.com\/ca\/riba-roja-trasllada-la-biblioteca-municipal-als-parcs-publics-i-les-urbanitzacions-per-a-difondre-lhabit-de-la-lectura\/\" title=\"Riba-roja trasllada la biblioteca municipal als parcs p\u00fablics i les urbanitzacions per a difondre l&#8217;h\u00e0bit de la lectura\">[+] <\/a><\/div>\n","protected":false},"author":12,"featured_media":134746,"comment_status":"open","ping_status":"open","sticky":false,"template":"","format":"standard","meta":{"footnotes":""},"categories":[10892,10948,10894,11007,10947,10906,10896],"tags":[12001,10899,10907,14786],"class_list":["post-134747","post","type-post","status-publish","format-standard","has-post-thumbnail","category-camp-de-turia-ca","category-infraestructuras-ca","category-la-comarca-ca","category-ocio-y-cultura-ca","category-politica","category-riba-roja-ca","category-seccion-ca","tag-biblioteca-municipal-ca","tag-camp-de-turia-ca","tag-riba-roja-del-turia-ca","tag-roda-llibres-ca"],"_links":{"self":[{"href":"https:\/\/tucomarca.whitekongsoftware.com\/ca\/wp-json\/wp\/v2\/posts\/134747","targetHints":{"allow":["GET"]}}],"collection":[{"href":"https:\/\/tucomarca.whitekongsoftware.com\/ca\/wp-json\/wp\/v2\/posts"}],"about":[{"href":"https:\/\/tucomarca.whitekongsoftware.com\/ca\/wp-json\/wp\/v2\/types\/post"}],"author":[{"embeddable":true,"href":"https:\/\/tucomarca.whitekongsoftware.com\/ca\/wp-json\/wp\/v2\/users\/12"}],"replies":[{"embeddable":true,"href":"https:\/\/tucomarca.whitekongsoftware.com\/ca\/wp-json\/wp\/v2\/comments?post=134747"}],"version-history":[{"count":0,"href":"https:\/\/tucomarca.whitekongsoftware.com\/ca\/wp-json\/wp\/v2\/posts\/134747\/revisions"}],"wp:featuredmedia":[{"embeddable":true,"href":"https:\/\/tucomarca.whitekongsoftware.com\/ca\/wp-json\/wp\/v2\/media\/134746"}],"wp:attachment":[{"href":"https:\/\/tucomarca.whitekongsoftware.com\/ca\/wp-json\/wp\/v2\/media?parent=134747"}],"wp:term":[{"taxonomy":"category","embeddable":true,"href":"https:\/\/tucomarca.whitekongsoftware.com\/ca\/wp-json\/wp\/v2\/categories?post=134747"},{"taxonomy":"post_tag","embeddable":true,"href":"https:\/\/tucomarca.whitekongsoftware.com\/ca\/wp-json\/wp\/v2\/tags?post=134747"}],"curies":[{"name":"wp","href":"https:\/\/api.w.org\/{rel}","templated":true}]}}