{"id":134666,"date":"2021-06-04T13:00:00","date_gmt":"2021-06-04T12:00:00","guid":{"rendered":"http:\/\/www.tucomarca.com\/wordpress\/segunda\/?p=134666"},"modified":"2021-06-04T18:48:47","modified_gmt":"2021-06-04T17:48:47","slug":"la-unio-ava-asaja-i-lassociacio-de-ramaders-de-bous-al-carrer-es-congratulen-de-les-ajudes-directes-del-consell-als-ramaders-de-caps-de-bestiar-braus-i-bous-de-lidia","status":"publish","type":"post","link":"https:\/\/tucomarca.whitekongsoftware.com\/ca\/la-unio-ava-asaja-i-lassociacio-de-ramaders-de-bous-al-carrer-es-congratulen-de-les-ajudes-directes-del-consell-als-ramaders-de-caps-de-bestiar-braus-i-bous-de-lidia\/","title":{"rendered":"La Uni\u00f3, AVA-Asaja i l&#8217;Associaci\u00f3 de Ramaders de Bous al Carrer es congratulen de les ajudes directes del Consell als ramaders de caps de bestiar braus i bous de l\u00eddia"},"content":{"rendered":"\n<p class=\"wp-block-paragraph\">L&#8217;intens treball, les diverses concentracions de protesta i el di\u00e0leg entaulat durant tot aquest temps per aquestes organitzacions ha fructificat<\/p>\n\n\n\n<p class=\"wp-block-paragraph\">Les organitzacions professionals agr\u00e0ries, La Uni\u00f3 de Llauradors i Ramaders i l&#8217;Associaci\u00f3 Valenciana d&#8217;Agricultors (AVA-Asaja), al costat de l&#8217;Associaci\u00f3 de Ramaders de Bous al Carrer de la Comunitat Valenciana, es congratulen de les ajudes directes per a enguany aprovades hui pel Ple del Consell per als ramaders de caps de bestiar braus i bous de l\u00eddia i tamb\u00e9 per als productors d&#8217;ovella guirra.<\/p>\n\n\n\n<p class=\"wp-block-paragraph\">L&#8217;intens treball, les diverses concentracions de protesta i el di\u00e0leg entaulat durant tot aquest temps per aquestes organitzacions ha fructificat perqu\u00e8 aquests ramaders tinguen prompte ajudes auton\u00f2miques, igual que la resta de ramaders i altres sectors.&nbsp;<\/p>\n\n\n\n<p class=\"wp-block-paragraph\">El Decret de la Conselleria d&#8217;Agricultura contempla subvencions per valor de 850.000 euros per als ramaders de caps de bestiar braus i bous de l\u00eddia, i de 100.000 euros per als productors de l&#8217;ovella guirra aut\u00f2ctona.<\/p>\n\n\n\n<p class=\"wp-block-paragraph\">La Uni\u00f3, AVA-Asaja i l&#8217;Associaci\u00f3 de Ramaders de Bous al Carrer valoren l&#8217;esfor\u00e7 de la Generalitat per a compensar les p\u00e8rdues causades en aquests ramaders durant els dos \u00faltims anys a conseq\u00fc\u00e8ncia de la pand\u00e8mia de la COVID-19.<\/p>\n\n\n\n<p class=\"wp-block-paragraph\">Cal assenyalar que la impossibilitat de fer front a les despeses d&#8217;alimentaci\u00f3 i manteniment de les explotacions durant tots aquests mesos de pand\u00e8mia, sense cap mena d&#8217;ingressos per bous al carrer i altres festejos, ha obligat la majoria dels ramaders a sacrificar centenars de caps de bestiar \u2013de ra\u00e7a aut\u00f2ctona\u2013 i ha amena\u00e7at amb provocar el tancament de moltes de les 133 explotacions ramaderes dedicades a aquesta activitat cultural de gran arrelament.&nbsp;<\/p>\n\n\n\n<p class=\"wp-block-paragraph\">Aquestes ajudes suposaran un bal\u00f3 d&#8217;oxigen per a aquests ramaders que necessitaven suport econ\u00f2mic per a poder mantindre les seues empreses, treballadors i animals davant la impossibilitat de treballar. Les organitzacions consideren que es reconeix d&#8217;aquesta manera l&#8217;alt valor gen\u00e8tic, cultural i econ\u00f2mic de la seua activitat en la Comunitat Valenciana.<\/p>\n\n\n\n<p class=\"wp-block-paragraph\">De moment, aquest any 2021 ser\u00e0 tamb\u00e9 complicat per als ramaders de bous de l\u00eddia i bous al carrer davant les limitacions encara en vigor, per la qual cosa sol\u00b7liciten als responsables de la Conselleria d&#8217;Agricultura que estudien arbitrar tamb\u00e9 una l\u00ednia d&#8217;ajudes en els pressupostos del pr\u00f2xim any per a fer costat de nou a aquest sector.<\/p>\n","protected":false},"excerpt":{"rendered":"<div class=\"mh-excerpt\">L&#8217;intens treball, les diverses concentracions de protesta i el di\u00e0leg entaulat durant tot aquest temps per aquestes organitzacions ha fructificat Les organitzacions professionals agr\u00e0ries, La Uni\u00f3 de Llauradors i Ramaders i l&#8217;Associaci\u00f3 Valenciana d&#8217;Agricultors (AVA-Asaja), <a class=\"mh-excerpt-more\" href=\"https:\/\/tucomarca.whitekongsoftware.com\/ca\/la-unio-ava-asaja-i-lassociacio-de-ramaders-de-bous-al-carrer-es-congratulen-de-les-ajudes-directes-del-consell-als-ramaders-de-caps-de-bestiar-braus-i-bous-de-lidia\/\" title=\"La Uni\u00f3, AVA-Asaja i l&#8217;Associaci\u00f3 de Ramaders de Bous al Carrer es congratulen de les ajudes directes del Consell als ramaders de caps de bestiar braus i bous de l\u00eddia\">[+] <\/a><\/div>\n","protected":false},"author":12,"featured_media":134665,"comment_status":"open","ping_status":"open","sticky":false,"template":"","format":"standard","meta":{"footnotes":""},"categories":[10890,10905,10892,11046,10898,10948,10963,10894,10904,10903,10947,10896,11047,10974,10975],"tags":[11924,12124,11927,14768,14769],"class_list":["post-134666","post","type-post","status-publish","format-standard","has-post-thumbnail","category-ademus","category-agricultura-la-comarca-ca","category-camp-de-turia-ca","category-los-serranos-ca","category-ventana-ca","category-infraestructuras-ca","category-la-canal-de-navarres-ca","category-la-comarca-ca","category-sin-categorizar-ca","category-medio-ambiente-la-comarca-ca","category-politica","category-seccion-ca","category-turis-ca","category-cheste-ca","category-chiva-ca","tag-ava-asaja-ca","tag-bous-al-carrer-ca","tag-la-unio-de-llauradors-ca","tag-reses-bravas-ca","tag-toros-de-lidia-ca"],"_links":{"self":[{"href":"https:\/\/tucomarca.whitekongsoftware.com\/ca\/wp-json\/wp\/v2\/posts\/134666","targetHints":{"allow":["GET"]}}],"collection":[{"href":"https:\/\/tucomarca.whitekongsoftware.com\/ca\/wp-json\/wp\/v2\/posts"}],"about":[{"href":"https:\/\/tucomarca.whitekongsoftware.com\/ca\/wp-json\/wp\/v2\/types\/post"}],"author":[{"embeddable":true,"href":"https:\/\/tucomarca.whitekongsoftware.com\/ca\/wp-json\/wp\/v2\/users\/12"}],"replies":[{"embeddable":true,"href":"https:\/\/tucomarca.whitekongsoftware.com\/ca\/wp-json\/wp\/v2\/comments?post=134666"}],"version-history":[{"count":0,"href":"https:\/\/tucomarca.whitekongsoftware.com\/ca\/wp-json\/wp\/v2\/posts\/134666\/revisions"}],"wp:featuredmedia":[{"embeddable":true,"href":"https:\/\/tucomarca.whitekongsoftware.com\/ca\/wp-json\/wp\/v2\/media\/134665"}],"wp:attachment":[{"href":"https:\/\/tucomarca.whitekongsoftware.com\/ca\/wp-json\/wp\/v2\/media?parent=134666"}],"wp:term":[{"taxonomy":"category","embeddable":true,"href":"https:\/\/tucomarca.whitekongsoftware.com\/ca\/wp-json\/wp\/v2\/categories?post=134666"},{"taxonomy":"post_tag","embeddable":true,"href":"https:\/\/tucomarca.whitekongsoftware.com\/ca\/wp-json\/wp\/v2\/tags?post=134666"}],"curies":[{"name":"wp","href":"https:\/\/api.w.org\/{rel}","templated":true}]}}