{"id":134639,"date":"2021-06-04T08:00:00","date_gmt":"2021-06-04T07:00:00","guid":{"rendered":"http:\/\/www.tucomarca.com\/wordpress\/segunda\/?p=134639"},"modified":"2021-06-04T18:41:05","modified_gmt":"2021-06-04T17:41:05","slug":"lhospital-de-manises-ja-compleix-amb-els-objectius-ambientals-deuropa-2050","status":"publish","type":"post","link":"https:\/\/tucomarca.whitekongsoftware.com\/ca\/lhospital-de-manises-ja-compleix-amb-els-objectius-ambientals-deuropa-2050\/","title":{"rendered":"L&#8217;Hospital de Manises ja compleix amb els objectius ambientals d&#8217;Europa 2050"},"content":{"rendered":"\n<h4 class=\"wp-block-heading\">Aquests objectius impliquen la reducci\u00f3 dels nivells de gasos d&#8217;efecte d&#8217;hivernacle en un 40%, que la quota d&#8217;energies renovables sobre el consum d&#8217;energia bruta final siga d&#8217;un 32% i es millore un 32,5% l&#8217;efici\u00e8ncia energ\u00e8tica<\/h4>\n\n\n\n<h4 class=\"wp-block-heading\">L&#8217;Hospital de Manises ha redu\u00eft ja un 56% els nivells de gasos d&#8217;efecte d&#8217;hivernacle, un 65% la quota de consum d&#8217;energia renovable sobre el consum energia bruta i ha millorat la seua efici\u00e8ncia energ\u00e8tica en un 36,1%<br><br>Tots els centres sanitaris dependents d&#8217;aquesta \u00e0rea ja compten amb subministrament total d&#8217;energia el\u00e8ctrica 100% renovable el que els fa edificis sostenibles<\/h4>\n\n\n\n<p class=\"wp-block-paragraph\">El Dr. Ricardo Trujillo, gerent del Departament de Salut de Manises: \u201cEl nostre principal comprom\u00eds \u00e9s defensar la vida que aplica a la nostra comunitat d&#8217;usuaris sense oblidar al nostre entorn\u201d<br><br>Amb aprovaci\u00f3 de la primera llei de Canvi Clim\u00e0tic i Transici\u00f3 Energ\u00e8tica el mes de maig passat el Govern d&#8217;Espanya busca erradicar l&#8217;emissi\u00f3 de gasos d&#8217;efecte d&#8217;hivernacle&nbsp;abans de 2050 i aconseguir aix\u00ed els objectius europeus plantejats des de Brussel\u00b7les. Per part seua, la legislaci\u00f3 europea exigeix que els nivells de gasos d&#8217;efecte d&#8217;hivernacle es redu\u00efsquen un 40%, que la quota d&#8217;energies renovables sobre el consum d&#8217;energia bruta final siga d&#8217;un 32% i que es millore un 32,5% l&#8217;efici\u00e8ncia energ\u00e8tica. En aquest marc, el Departament de Salut de Manises es posiciona com un dels primers Hospitals a complir ja amb la norma recentment establida i amb les exig\u00e8ncies europees.<br><br>Respecte als nivells demandats per la Comissi\u00f3 Europea, l&#8217;Hospital de Manises ha redu\u00eft ja un 56% els nivells de gasos d&#8217;efecte d&#8217;hivernacle, un 65% la quota de consum d&#8217;energia renovable sobre consum energia bruta i ha millorat la seua efici\u00e8ncia energ\u00e8tica en un 36,1%. Nivells que es troben molt per damunt de l&#8217;exigit per la Llei de Canvi Clim\u00e0tic i Transici\u00f3 Energ\u00e8tica i per les normatives provinents de Brussel\u00b7les.<br><br>Aquestes dades reflecteixen que el centre hospitalari sol emet&nbsp;els gasos d&#8217;efecte d&#8217;hivernacle&nbsp;que puguen ser absorbits per embornals naturals com s\u00f3n els boscos, a m\u00e9s d&#8217;indicar que \u201cels resultats ens motiven a continuar avan\u00e7ant cap a un Departament de Salut sostenible en l\u00ednia amb les mesures que es prenen a nivell estatal i a nivell europeu complint amb totes les seues exig\u00e8ncies\u201d, explica el Dr. Ricardo Trujillo, gerent del Departament de Salut de Manises.<br><br>En aquesta l\u00ednia i amb motiu del Dia Mundial del Medi ambient, el Dr. Trujillo recorda que \u201ccom a Departament de Salut, el nostre principal comprom\u00eds \u00e9s defensar la vida que aplica a la nostra comunitat d&#8217;usuaris sense oblidar al nostre entorn. Per aix\u00f2, un dels nostres principals objectius ha sigut l&#8217;aposta pel comprom\u00eds amb el medi ambient, la qual cosa comporta la reducci\u00f3 de les emissions de gasos nocius. \u00c9s un comprom\u00eds que adquirim fa ja m\u00e9s de quatre anys i que volem mantindre\u201d.<br><br><strong>Edifici sostenible<\/strong><\/p>\n\n\n\n<p class=\"wp-block-paragraph\">L&#8217;edifici del propi Hospital compta amb un parc solar de 300 metres quadrats, instal\u00b7lat en la coberta de l&#8217;edifici, que permet generar aproximadament 12.000 litres diaris d&#8217;aigua calenta sanit\u00e0ria per a autoconsum. Tamb\u00e9 disposa de 250 captadors solars fotovoltaics capa\u00e7os de produir 40 kWp d&#8217;energia el\u00e8ctrica. Les \u00e0mplies zones enjardinades de l&#8217;hospital, uns 10.000 metres quadrats dels 55.000 metres quadrats de la parcel\u00b7la, es reguen per degoteig amb l&#8217;aigua sobrant del proc\u00e9s d&#8217;osmosi inversa que proveeix l&#8217;hospital. Per al seu magatzematge, existeixen dos aljubs. Tamb\u00e9 l&#8217;aparcament compta amb ventilaci\u00f3 natural.<br><br>Finalment, l&#8217;hospital est\u00e0 dotat de sistemes per a evitar la contaminaci\u00f3 creuada i recuperar energia, aix\u00ed com de sensors per al bombament d&#8217;aigua de refrigeraci\u00f3 i calefacci\u00f3. Els sistemes de distribuci\u00f3 d&#8217;aire per cabal variable, les calderes d&#8217;alt rendiment i les refrigeradores d&#8217;alta efici\u00e8ncia contribueixen tamb\u00e9 a l&#8217;estalvi energ\u00e8tic.<\/p>\n\n\n\n<p class=\"wp-block-paragraph\"><\/p>\n","protected":false},"excerpt":{"rendered":"<div class=\"mh-excerpt\">Aquests objectius impliquen la reducci\u00f3 dels nivells de gasos d&#8217;efecte d&#8217;hivernacle en un 40%, que la quota d&#8217;energies renovables sobre el consum d&#8217;energia bruta final siga d&#8217;un 32% i es millore un 32,5% l&#8217;efici\u00e8ncia energ\u00e8tica <a class=\"mh-excerpt-more\" href=\"https:\/\/tucomarca.whitekongsoftware.com\/ca\/lhospital-de-manises-ja-compleix-amb-els-objectius-ambientals-deuropa-2050\/\" title=\"L&#8217;Hospital de Manises ja compleix amb els objectius ambientals d&#8217;Europa 2050\">[+] <\/a><\/div>\n","protected":false},"author":12,"featured_media":134638,"comment_status":"open","ping_status":"open","sticky":false,"template":"","format":"standard","meta":{"footnotes":""},"categories":[10973,10911,10892,11010,10898,10977,10980,10948,10894,10912,10902,10931,10978,10903,10947,10906,10896,11047,10974,10975],"tags":[10899,11092,10914,11093],"class_list":["post-134639","post","type-post","status-publish","format-standard","has-post-thumbnail","category-alborache-ca","category-bunol-ca","category-camp-de-turia-ca","category-canal-salud","category-ventana-ca","category-godelleta-ca","category-yatova-ca","category-infraestructuras-ca","category-la-comarca-ca","category-la-hoya-ca","category-la-ribera-ca","category-loriguilla-ca","category-macastre-ca","category-medio-ambiente-la-comarca-ca","category-politica","category-riba-roja-ca","category-seccion-ca","category-turis-ca","category-cheste-ca","category-chiva-ca","tag-camp-de-turia-ca","tag-hospital-de-manises-ca","tag-la-hoya-de-bunol-chiva-ca","tag-turis-ca"],"_links":{"self":[{"href":"https:\/\/tucomarca.whitekongsoftware.com\/ca\/wp-json\/wp\/v2\/posts\/134639","targetHints":{"allow":["GET"]}}],"collection":[{"href":"https:\/\/tucomarca.whitekongsoftware.com\/ca\/wp-json\/wp\/v2\/posts"}],"about":[{"href":"https:\/\/tucomarca.whitekongsoftware.com\/ca\/wp-json\/wp\/v2\/types\/post"}],"author":[{"embeddable":true,"href":"https:\/\/tucomarca.whitekongsoftware.com\/ca\/wp-json\/wp\/v2\/users\/12"}],"replies":[{"embeddable":true,"href":"https:\/\/tucomarca.whitekongsoftware.com\/ca\/wp-json\/wp\/v2\/comments?post=134639"}],"version-history":[{"count":0,"href":"https:\/\/tucomarca.whitekongsoftware.com\/ca\/wp-json\/wp\/v2\/posts\/134639\/revisions"}],"wp:featuredmedia":[{"embeddable":true,"href":"https:\/\/tucomarca.whitekongsoftware.com\/ca\/wp-json\/wp\/v2\/media\/134638"}],"wp:attachment":[{"href":"https:\/\/tucomarca.whitekongsoftware.com\/ca\/wp-json\/wp\/v2\/media?parent=134639"}],"wp:term":[{"taxonomy":"category","embeddable":true,"href":"https:\/\/tucomarca.whitekongsoftware.com\/ca\/wp-json\/wp\/v2\/categories?post=134639"},{"taxonomy":"post_tag","embeddable":true,"href":"https:\/\/tucomarca.whitekongsoftware.com\/ca\/wp-json\/wp\/v2\/tags?post=134639"}],"curies":[{"name":"wp","href":"https:\/\/api.w.org\/{rel}","templated":true}]}}