{"id":134608,"date":"2021-06-03T20:00:00","date_gmt":"2021-06-03T19:00:00","guid":{"rendered":"http:\/\/www.tucomarca.com\/wordpress\/segunda\/?p=134608"},"modified":"2021-06-03T21:01:29","modified_gmt":"2021-06-03T20:01:29","slug":"ximo-puig-anuncia-la-reobertura-de-les-discoteques-fins-a-les-2-de-la-matinada-i-el-tancament-de-lhostaleria-a-la","status":"publish","type":"post","link":"https:\/\/tucomarca.whitekongsoftware.com\/ca\/ximo-puig-anuncia-la-reobertura-de-les-discoteques-fins-a-les-2-de-la-matinada-i-el-tancament-de-lhostaleria-a-la\/","title":{"rendered":"Ximo Puig anuncia la reobertura de les discoteques fins a les 2 de la matinada i el tancament de l&#8217;hostaleria a la 1"},"content":{"rendered":"\n<h4 class=\"wp-block-heading\">Desapareix la limitaci\u00f3 d&#8217;un m\u00e0xim de 10 persones que estava vigent per a les reunions socials en els domicilis i en espais p\u00fablics&nbsp;<\/h4>\n\n\n\n<h4 class=\"wp-block-heading\">L&#8217;oci nocturn tindr\u00e0 un aforament com el de l&#8217;hostaleria, que continuar\u00e0 sent del 50% en interior i del 100% en terrasses, i no tindr\u00e0 perm\u00e9s habilitar zona de ball<\/h4>\n\n\n\n<h4 class=\"wp-block-heading\">La Mesa Interdepartamental per a la Prevenci\u00f3 i Actuaci\u00f3 davant la COVID-19 ha acordat aquestes noves mesures, que entraran en vigor dimarts que ve, 8 de juny, i que estaran en vigor fins a finals de juny&nbsp;<\/h4>\n\n\n\n<p class=\"wp-block-paragraph\">El president de la Generalitat, Ximo Puig, ha anunciat la fi de les restriccions a la mobilitat a la nit i a les reunions en domicilis i espais p\u00fablics i la reobertura de l&#8217;oci nocturn, que podr\u00e0 desenvolupar la seua activitat fins a les 2 de la matinada, sense zona de ball i amb la mateixa limitaci\u00f3 d&#8217;aforament que bars i restaurants, per als quals es flexibilitza l&#8217;horari de tancament fins a la 1 de la matinada.&nbsp;<\/p>\n\n\n\n<p class=\"wp-block-paragraph\">Aix\u00ed ho ha avan\u00e7at despr\u00e9s de la reuni\u00f3 de la Mesa Interdepartamental per a la Prevenci\u00f3 i Actuaci\u00f3 davant la COVID-19, en la qual s&#8217;han acordat les noves mesures que entraran en vigor dimarts que ve, 8 de juny, i que estaran en vigor fins a finals de juny.&nbsp;<\/p>\n\n\n\n<p class=\"wp-block-paragraph\">Puig ha assenyalat que, despr\u00e9s d&#8217;una obertura progressiva i prudent que ha demostrat la seua efic\u00e0cia, la Comunitat Valenciana ha consolidat &#8220;una situaci\u00f3 sanit\u00e0ria \u00fanica&#8221; que permet fer un nou pas avant, ja que, des de fa 11 setmanes, mant\u00e9 la incid\u00e8ncia m\u00e9s baixa d&#8217;Espanya, 3,5 vegades inferior a la mitjana estatal, i \u00e9s una refer\u00e8ncia a la UE com &#8220;el dest\u00ed m\u00e9s segur, al costat de Malta&#8221;.&nbsp;<\/p>\n\n\n\n<p class=\"wp-block-paragraph\">Tal com ha assenyalat el president, la Comunitat Valenciana posa aix\u00ed fi al toc de queda, vigent durant set mesos i mig, responent al comprom\u00eds que aquesta limitaci\u00f3 no romanguera &#8220;ni un dia m\u00e9s del necessari&#8221;. &#8220;Ha sigut un instrument definitiu per a controlar el virus&#8221;, per\u00f2, a partir de la setmana pr\u00f2xima, &#8220;torna la llibertat de moviment&#8221;, ha remarcat.&nbsp;<\/p>\n\n\n\n<p class=\"wp-block-paragraph\">A m\u00e9s, desapareix tamb\u00e9 el l\u00edmit de persones (actualment era d&#8217;un m\u00e0xim de 10) en les reunions socials en domicilis i en espai p\u00fablics, per a les quals es continua recomanant m\u00e0scara, dist\u00e0ncia i ventilaci\u00f3, i l&#8217;hostaleria i la restauraci\u00f3 deixen arrere les restriccions d&#8217;horaris, de manera que, a partir de la setmana pr\u00f2xima, el tancament ser\u00e0 segons la llic\u00e8ncia de cada establiment, amb un m\u00e0xim establit en la 1 de la matinada.&nbsp;<\/p>\n\n\n\n<p class=\"wp-block-paragraph\">El president ha avan\u00e7at, a m\u00e9s, que el sector de l&#8217;oci nocturn, &#8220;que tants sacrificis ha fet pel b\u00e9 general&#8221;, reobrir\u00e0 la setmana pr\u00f2xima, amb un l\u00edmit de tancament fixat en les 2.00 hores i sense que es permeta encara el ball. Tindr\u00e0 un aforament com el de l&#8217;hostaleria, que continuar\u00e0 sent del 50% en interior i del 100% en terrasses, tot aix\u00f2 tenint en compte la continuaci\u00f3 de l&#8217;obertura progressiva i prudent, i des de la perspectiva d&#8217;arribar a juliol &#8220;en les millors condicions&#8221;.&nbsp;<\/p>\n\n\n\n<p class=\"wp-block-paragraph\">D&#8217;altra banda, tamb\u00e9 s&#8217;ha acordat l&#8217;obertura dels aforaments en el culte i avan\u00e7os en els grups d&#8217;excursions guiades i en escoles d&#8217;estiu.&nbsp;<\/p>\n\n\n\n<p class=\"wp-block-paragraph\"><strong>Celebracions de Sant Joan&nbsp;<\/strong><\/p>\n\n\n\n<p class=\"wp-block-paragraph\">A m\u00e9s, com ha anunciat el president, es traslladar\u00e0 als ajuntaments la recomanaci\u00f3 que limiten les celebracions de Sant Joan i altres manifestacions festives de car\u00e0cter similar a fi d&#8217;evitar les aglomeracions.&nbsp;<\/p>\n\n\n\n<p class=\"wp-block-paragraph\">Totes les mesures anunciades es prenen tenint en compte que la incid\u00e8ncia ha baixat un 70%, els llits ocupats per persones malaltes de COVID-19 han passat del 9% a l&#8217;1%, les UCI tenen 10 vegades menys pacients i que, des de gener, les morts han descendit un 93%, ha exposat Puig, qui ha demanat, no obstant aix\u00f2, prud\u00e8ncia, at\u00e9s que l&#8217;al\u00e7ament de restriccions est\u00e0 tenint el seu efecte en el repunt de contagis.&nbsp;<\/p>\n\n\n\n<p class=\"wp-block-paragraph\">&#8220;Entrem en un per\u00edode d&#8217;esperan\u00e7a&#8221;, amb la proximitat de l&#8217;estiu, amb bones perspectives de recuperaci\u00f3 i amb el desplegament ja en marxa de m\u00e9s de 1.000 milions d&#8217;euros en ajudes directes i, sobretot, amb la vacunaci\u00f3 &#8220;com a gran actiu&#8221;, ha assenyalat el president, que ha recordat que aquesta setmana s&#8217;arribar\u00e0 als 3 milions de dosis administrades i que les persones m\u00e9s vulnerables ja compten amb protecci\u00f3.&nbsp;<\/p>\n\n\n\n<p class=\"wp-block-paragraph\">&#8220;Tenim un mili\u00f3 de valencians completament immunitzats, i, entre les persones vacunades i aquelles que han superat la malaltia, ja superem el 50% de la poblaci\u00f3 amb protecci\u00f3 enfront del virus&#8221;, ha dit tamb\u00e9.&nbsp;<\/p>\n\n\n\n<p class=\"wp-block-paragraph\">El president ha finalitzat la seua intervenci\u00f3 expressant la seua confian\u00e7a en les persones joves i en el conjunt de la societat valenciana, que no ha protagonitzat les &#8220;imatges de impudencia&#8221; que s\u00ed s&#8217;han vist en altres llocs davant la fi de les restriccions. Per aix\u00f2, ha demanat continuar, com fins ara, treballant &#8220;en una mateixa direcci\u00f3&#8221; per a aconseguir &#8220;la superaci\u00f3 de la pand\u00e8mia i la recuperaci\u00f3 social, econ\u00f2mica i emocional&#8221;.<\/p>\n\n\n\n<h4 class=\"wp-block-heading\"><\/h4>\n","protected":false},"excerpt":{"rendered":"<div class=\"mh-excerpt\">Desapareix la limitaci\u00f3 d&#8217;un m\u00e0xim de 10 persones que estava vigent per a les reunions socials en els domicilis i en espais p\u00fablics&nbsp; L&#8217;oci nocturn tindr\u00e0 un aforament com el de l&#8217;hostaleria, que continuar\u00e0 sent <a class=\"mh-excerpt-more\" href=\"https:\/\/tucomarca.whitekongsoftware.com\/ca\/ximo-puig-anuncia-la-reobertura-de-les-discoteques-fins-a-les-2-de-la-matinada-i-el-tancament-de-lhostaleria-a-la\/\" title=\"Ximo Puig anuncia la reobertura de les discoteques fins a les 2 de la matinada i el tancament de l&#8217;hostaleria a la 1\">[+] <\/a><\/div>\n","protected":false},"author":12,"featured_media":134607,"comment_status":"open","ping_status":"open","sticky":false,"template":"","format":"standard","meta":{"footnotes":""},"categories":[11010,12202,10898,10894,10904,10947,10896,10897],"tags":[12165,11939,11940,14757,11498,11073],"class_list":["post-134608","post","type-post","status-publish","format-standard","has-post-thumbnail","category-canal-salud","category-covid-19-ca","category-ventana-ca","category-la-comarca-ca","category-sin-categorizar-ca","category-politica","category-seccion-ca","category-sucesos-la-comarca-ca","tag-conselleria-de-sanitat-ca","tag-coronavirus-ca","tag-covid-19-ca","tag-fin-de-las-restricciones-a-la-movilidad-ca","tag-generalitat-valenciana-ca","tag-ximo-puig-ca"],"_links":{"self":[{"href":"https:\/\/tucomarca.whitekongsoftware.com\/ca\/wp-json\/wp\/v2\/posts\/134608","targetHints":{"allow":["GET"]}}],"collection":[{"href":"https:\/\/tucomarca.whitekongsoftware.com\/ca\/wp-json\/wp\/v2\/posts"}],"about":[{"href":"https:\/\/tucomarca.whitekongsoftware.com\/ca\/wp-json\/wp\/v2\/types\/post"}],"author":[{"embeddable":true,"href":"https:\/\/tucomarca.whitekongsoftware.com\/ca\/wp-json\/wp\/v2\/users\/12"}],"replies":[{"embeddable":true,"href":"https:\/\/tucomarca.whitekongsoftware.com\/ca\/wp-json\/wp\/v2\/comments?post=134608"}],"version-history":[{"count":0,"href":"https:\/\/tucomarca.whitekongsoftware.com\/ca\/wp-json\/wp\/v2\/posts\/134608\/revisions"}],"wp:featuredmedia":[{"embeddable":true,"href":"https:\/\/tucomarca.whitekongsoftware.com\/ca\/wp-json\/wp\/v2\/media\/134607"}],"wp:attachment":[{"href":"https:\/\/tucomarca.whitekongsoftware.com\/ca\/wp-json\/wp\/v2\/media?parent=134608"}],"wp:term":[{"taxonomy":"category","embeddable":true,"href":"https:\/\/tucomarca.whitekongsoftware.com\/ca\/wp-json\/wp\/v2\/categories?post=134608"},{"taxonomy":"post_tag","embeddable":true,"href":"https:\/\/tucomarca.whitekongsoftware.com\/ca\/wp-json\/wp\/v2\/tags?post=134608"}],"curies":[{"name":"wp","href":"https:\/\/api.w.org\/{rel}","templated":true}]}}