{"id":134601,"date":"2021-06-03T10:00:00","date_gmt":"2021-06-03T09:00:00","guid":{"rendered":"http:\/\/www.tucomarca.com\/wordpress\/segunda\/?p=134601"},"modified":"2021-06-03T20:59:04","modified_gmt":"2021-06-03T19:59:04","slug":"la-diputacio-compta-ja-amb-mes-dun-centenar-dajuntaments-adherits-a-la-seua-xarxa-contra-la-violencia-masclista","status":"publish","type":"post","link":"https:\/\/tucomarca.whitekongsoftware.com\/ca\/la-diputacio-compta-ja-amb-mes-dun-centenar-dajuntaments-adherits-a-la-seua-xarxa-contra-la-violencia-masclista\/","title":{"rendered":"La Diputaci\u00f3 compta ja amb m\u00e9s d&#8217;un centenar d&#8217;ajuntaments adherits a la seua Xarxa contra la viol\u00e8ncia masclista"},"content":{"rendered":"\n<h4 class=\"wp-block-heading\">El president Gaspar i la diputada d&#8217;Igualtat, Eli Garc\u00eda, entreguen les plaques que acrediten l&#8217;adhesi\u00f3 a la xarxa als responsables locals de mig centenar de municipis de la prov\u00edncia<\/h4>\n\n\n\n<h4 class=\"wp-block-heading\">Igualtat treballa en un acord amb la SAREB per a oferir habitatges socials a v\u00edctimes de la viol\u00e8ncia de g\u00e8nere i en la producci\u00f3 de dos pel\u00b7l\u00edcules per a insistir en la coeducaci\u00f3 des de l&#8217;\u00e0mbit local<\/h4>\n\n\n\n<p class=\"wp-block-paragraph\">La Diputaci\u00f3 de Val\u00e8ncia ha reunit este dijous en un acte celebrat en la Benefic\u00e8ncia als responsables locals de 49 ajuntaments de la prov\u00edncia, els \u00faltims a adherir-se a una Xarxa de Municipis Protegits contra la Viol\u00e8ncia de G\u00e8nere en creixement permanent que compta ja amb 111 integrants i un pressupost anual de mig mili\u00f3 d&#8217;euros. A tots ells els han donat la benvinguda la diputada d&#8217;Igualtat, Eli Garc\u00eda, i el president de la instituci\u00f3, Toni Gaspar, qui ha instat els presents a \u201cno perdre l&#8217;\u00e0nim ni el sentit cr\u00edtic per a aconseguir d&#8217;una vegada per sempre una societat amb dones lliures de viol\u00e8ncia\u201d.<\/p>\n\n\n\n<p class=\"wp-block-paragraph\">La responsable provincial d&#8217;Igualtat, Eli Garc\u00eda, ha comen\u00e7at l&#8217;acte lamentant \u201cun mes de maig extremadament dolor\u00f3s amb un degoteig inadmissible de dones mortes a les mans de les seues parelles o ex parelles; una dura realitat que alguns s&#8217;obstinen a no veure i que ens obliga a continuar treballant en xarxa, des de la base de la coeducaci\u00f3, per a eliminar els estereotips masclistes i detectar i detindre a temps qualsevol indici de viol\u00e8ncia de g\u00e8nere\u201d.<\/p>\n\n\n\n<p class=\"wp-block-paragraph\">Per a donar una resposta r\u00e0pida i homog\u00e8nia es va crear la xarxa provincial que pret\u00e9n \u201cacabar amb la miserable viol\u00e8ncia contra les dones, que t\u00e9 com a \u00fanics responsables a homes masclistes i covards\u201d. Ho afirma el president Gaspar, qui considera que \u201cla sensibilitat i la r\u00e0bia han d&#8217;anar acompanyades d&#8217;un esperit cr\u00edtic perqu\u00e8 alguna cosa no est\u00e0 funcionant en el moment en qu\u00e8 continuen morint dones\u201d. Gaspar ha agra\u00eft el treball de l&#8217;\u00e0rea d&#8217;Igualtat i els consistoris perqu\u00e8 cresca esta \u201cxarxa inexpugnable que aporta recursos econ\u00f2mics, experi\u00e8ncies i eines per a protegir la dignitat de les dones i la just\u00edcia social\u201d.<\/p>\n\n\n\n<p class=\"wp-block-paragraph\"><strong>Noves eines<\/strong><\/p>\n\n\n\n<p class=\"wp-block-paragraph\">Entre les eines i mecanismes en els quals treballa la delegaci\u00f3 que dirigix Eli Garc\u00eda destaca la producci\u00f3 de dos pel\u00b7l\u00edcules, una de ficci\u00f3 i un documental, que es distribuiran entre els membres de la xarxa perqu\u00e8 es treballe el missatge de coeducaci\u00f3 i erradicaci\u00f3 d&#8217;estereotips des de la inf\u00e0ncia en tots els ajuntaments que s&#8217;han sumat a la iniciativa provincial i els que demanen la seua adhesi\u00f3 en un futur.<\/p>\n\n\n\n<p class=\"wp-block-paragraph\">Una altra novetat \u00e9s l&#8217;acord que la diputada Eli Garc\u00eda est\u00e0 tancant amb la SAREB per a posar a la disposici\u00f3 de dones v\u00edctimes de viol\u00e8ncia de g\u00e8nere habitatges socials en diversos municipis. \u201c\u00c9s un pas m\u00e9s en les pol\u00edtiques transversals que treballem des de la intensitat i l&#8217;efic\u00e0cia per a dotar de recursos a les localitats que formen part de la nostra xarxa i a les dones que patixen la xacra de la viol\u00e8ncia masclista\u201d, explica la diputada, que coincidix amb el president de la Diputaci\u00f3 en la necessitat del consens i la unanimitat en la gesti\u00f3 d&#8217;este gran problema com\u00fa des de les administracions p\u00fabliques. \u201cEn este tema no caben estrat\u00e8gies partidistes per a un desgast interessat de l&#8217;oponent ni fer del mat\u00eds trinxera, perqu\u00e8 nom\u00e9s la unitat i la determinaci\u00f3 contra els assassins pot acostar-nos al final del malson\u201d, sent\u00e8ncia Gaspar.<\/p>\n\n\n\n<p class=\"wp-block-paragraph\"><strong>Acte presencial<\/strong><\/p>\n\n\n\n<p class=\"wp-block-paragraph\">L&#8217;acte de la Benefic\u00e8ncia, \u201cmolt esperat despr\u00e9s de m\u00e9s d&#8217;un any sense trobades presencials a causa de la pand\u00e8mia\u201d, ha servit per a oficialitzar l&#8217;adhesi\u00f3 a la Xarxa de 49 ajuntaments d&#8217;entre 400 i 20.000 habitants. Alcaldes, alcaldesses i responsables locals en mat\u00e8ria d&#8217;Igualtat han recollit les plaques acreditatives que entrega la Diputaci\u00f3 per a instal\u00b7lar en els municipis, entre ells les diputades Pilar Sarri\u00f3n, Amparo Orts i Mentxu Balaguer en representaci\u00f3 d&#8217;Anna, Moncada i Corbera; i el diputat Ximo Segarra, alcalde de Benaguasil.<\/p>\n\n\n\n<p class=\"wp-block-paragraph\">Els responsables provincials han avan\u00e7at que la corporaci\u00f3 continuar\u00e0 aportant a la seua Xarxa de Municipis Protegits contra la Viol\u00e8ncia de G\u00e8nere els recursos necessaris i que s&#8217;adaptar\u00e0 el reglament per a facilitar l&#8217;adhesi\u00f3 dels ajuntaments m\u00e9s xicotets i que disposen de menys recursos per a complir amb els requisits que marca el reglament de la plataforma provincial. L&#8217;objectiu \u00e9s que continuen sumant-se a la xarxa poblacions com R\u00e0fol de Salem, que amb tot just 450 habitants compta amb dos plans d&#8217;igualtat i, com assegura la seua alcaldessa Carolina Mengual, estan disposades a \u201ccompartir experi\u00e8ncies per a donar la millor resposta davant esta barb\u00e0rie de la qual totes i tots som conscients i a la qual hem de fer front implicant la gent gran per\u00f2 sobretot als m\u00e9s xicotets\u201d.<\/p>\n\n\n\n<p class=\"wp-block-paragraph\"><\/p>\n","protected":false},"excerpt":{"rendered":"<div class=\"mh-excerpt\">El president Gaspar i la diputada d&#8217;Igualtat, Eli Garc\u00eda, entreguen les plaques que acrediten l&#8217;adhesi\u00f3 a la xarxa als responsables locals de mig centenar de municipis de la prov\u00edncia Igualtat treballa en un acord amb <a class=\"mh-excerpt-more\" href=\"https:\/\/tucomarca.whitekongsoftware.com\/ca\/la-diputacio-compta-ja-amb-mes-dun-centenar-dajuntaments-adherits-a-la-seua-xarxa-contra-la-violencia-masclista\/\" title=\"La Diputaci\u00f3 compta ja amb m\u00e9s d&#8217;un centenar d&#8217;ajuntaments adherits a la seua Xarxa contra la viol\u00e8ncia masclista\">[+] <\/a><\/div>\n","protected":false},"author":12,"featured_media":134600,"comment_status":"open","ping_status":"open","sticky":false,"template":"","format":"standard","meta":{"footnotes":""},"categories":[10890,10951,10892,11046,10898,10948,10894,10904,10912,10902,10947,10909,10896],"tags":[11246,13702,14755,13628],"class_list":["post-134601","post","type-post","status-publish","format-standard","has-post-thumbnail","category-ademus","category-ayora-cofrentes-ca","category-camp-de-turia-ca","category-los-serranos-ca","category-ventana-ca","category-infraestructuras-ca","category-la-comarca-ca","category-sin-categorizar-ca","category-la-hoya-ca","category-la-ribera-ca","category-politica","category-requena-utiel-ca","category-seccion-ca","tag-diputacio-de-valencia-ca","tag-eli-garcia-ca","tag-red-contra-la-violencia-machista-ca","tag-toni-gaspar-ca"],"_links":{"self":[{"href":"https:\/\/tucomarca.whitekongsoftware.com\/ca\/wp-json\/wp\/v2\/posts\/134601","targetHints":{"allow":["GET"]}}],"collection":[{"href":"https:\/\/tucomarca.whitekongsoftware.com\/ca\/wp-json\/wp\/v2\/posts"}],"about":[{"href":"https:\/\/tucomarca.whitekongsoftware.com\/ca\/wp-json\/wp\/v2\/types\/post"}],"author":[{"embeddable":true,"href":"https:\/\/tucomarca.whitekongsoftware.com\/ca\/wp-json\/wp\/v2\/users\/12"}],"replies":[{"embeddable":true,"href":"https:\/\/tucomarca.whitekongsoftware.com\/ca\/wp-json\/wp\/v2\/comments?post=134601"}],"version-history":[{"count":0,"href":"https:\/\/tucomarca.whitekongsoftware.com\/ca\/wp-json\/wp\/v2\/posts\/134601\/revisions"}],"wp:featuredmedia":[{"embeddable":true,"href":"https:\/\/tucomarca.whitekongsoftware.com\/ca\/wp-json\/wp\/v2\/media\/134600"}],"wp:attachment":[{"href":"https:\/\/tucomarca.whitekongsoftware.com\/ca\/wp-json\/wp\/v2\/media?parent=134601"}],"wp:term":[{"taxonomy":"category","embeddable":true,"href":"https:\/\/tucomarca.whitekongsoftware.com\/ca\/wp-json\/wp\/v2\/categories?post=134601"},{"taxonomy":"post_tag","embeddable":true,"href":"https:\/\/tucomarca.whitekongsoftware.com\/ca\/wp-json\/wp\/v2\/tags?post=134601"}],"curies":[{"name":"wp","href":"https:\/\/api.w.org\/{rel}","templated":true}]}}