{"id":134519,"date":"2021-06-03T09:55:00","date_gmt":"2021-06-03T08:55:00","guid":{"rendered":"http:\/\/www.tucomarca.com\/wordpress\/segunda\/?p=134519"},"modified":"2021-06-03T11:08:08","modified_gmt":"2021-06-03T10:08:08","slug":"el-pla-dinversions-sanitaries-pla-creixer-recull-la-demanda-del-centre-despecialitats-de-bunyol","status":"publish","type":"post","link":"https:\/\/tucomarca.whitekongsoftware.com\/ca\/el-pla-dinversions-sanitaries-pla-creixer-recull-la-demanda-del-centre-despecialitats-de-bunyol\/","title":{"rendered":"El pla d&#8217;inversions sanit\u00e0ries Pla Cr\u00e8ixer+ recull la demanda del Centre d&#8217;Especialitats de Bunyol"},"content":{"rendered":"\n<h4 class=\"wp-block-heading\">El president de la Generalitat ha presentat el Pla Cr\u00e8ixer+ que es dur\u00e0 a terme entre 2021 i 2023 i permetr\u00e0 reformar i ampliar un total de 50 centres d&#8217;atenci\u00f3 prim\u00e0ria i 22 hospitals, i construir 6 centres d&#8217;especialitats<\/h4>\n\n\n\n<h4 class=\"wp-block-heading\">La inversi\u00f3 prevista a la comarca de la Foia de Bu\u00f1ol se centra en l&#8217;ampliaci\u00f3 d&#8217;especialitats i la reforma del Centre de Salut de Bunyol, amb una inversi\u00f3 de 2,5 milions d&#8217;euros.<\/h4>\n\n\n\n<p class=\"wp-block-paragraph\">La Secretaria Auton\u00f3mica de Eficiencia tecnol\u00f3gica sanitaria, Concha Andr\u00e9s, ha comunicado a la alcaldesa de Bu\u00f1ol, Juncal Carrascosa, que el plan de inversiones sanitarias recoge la demanda del Centro de Especialidades de Bu\u00f1ol.<\/p>\n\n\n\n<p class=\"wp-block-paragraph\">El propio presidente de la Generalitat, Ximo Puig, ha presentado el Plan Cr\u00e8ixer+ que se llevar\u00e1 a cabo entre 2021 y 2023 y permitir\u00e1 reformar y ampliar un total de 50 centros de atenci\u00f3n primaria y 22 hospitales, y construir 6 centros de especialidades.<\/p>\n\n\n\n<p class=\"wp-block-paragraph\">La inversi\u00f3n prevista en la comarca de La Hoya de Bu\u00f1ol se centra en la ampliaci\u00f3n de especialidades y la reforma del Centro de Salud de Bu\u00f1ol, con una inversi\u00f3n de 2,5 millones de euros.<\/p>\n\n\n\n<p class=\"wp-block-paragraph\">La alcaldesa de Bu\u00f1ol, Juncal Carrascosa, ha manifestado estar &#8220;satisfecha con esta inversi\u00f3n&#8221; que es &#8220;una primera piedra&#8221; para cubrir parte de las necesidades de esta comarca en materia sanitaria.<\/p>\n\n\n\n<p class=\"wp-block-paragraph\">La alcaldesa de Bu\u00f1ol ha querido adem\u00e1s &#8220;agradecer el esfuerzo de la Generalitat Valenciana y especialmente de la Secretaria Auton\u00f2mica, su trabajo e inter\u00e9s por equilibrar las deficiencias que ha sufrido esta comarca&#8221;.<\/p>\n\n\n\n<p class=\"wp-block-paragraph\">Por su parte, Ximo Puig ha explicado que el sistema sanitario se asienta sobre tres pilares: el personal sanitario, las infraestructuras, y la tecnolog\u00eda. As\u00ed, respecto del personal sanitario, ha subrayado &#8220;la necesidad de que se produzca un aumento estructural, con el fin de que este pilar est\u00e9 lo m\u00e1s robusto posible&#8221; porque &#8220;lo m\u00e1s importante del sistema son sus profesionales&#8221;, y ha reiterado el &#8220;reconocimiento y agradecimiento de toda la sociedad por el enorme esfuerzo realizado durante la pandemia&#8221;.<\/p>\n\n\n\n<p class=\"wp-block-paragraph\"><strong>Plan Cr\u00e8ixer<\/strong><\/p>\n\n\n\n<p class=\"wp-block-paragraph\">El president ha destacado que este plan constituye &#8220;un paso m\u00e1s en la consolidaci\u00f3n del estado del bienestar por el que ha apostado el govern del Bot\u00e0nic desde el inicio&#8221;.<\/p>\n\n\n\n<p class=\"wp-block-paragraph\">El Plan Cr\u00e8ixer+ contempla un total de 96 actuaciones en infraestructuras sanitarias de la Comunitat Valenciana, de las cuales 58 se realizar\u00e1n en centros de atenci\u00f3n primaria y 38 en hospitales, con una inversi\u00f3n de m\u00e1s de 658,3 millones de euros, lo que supone pr\u00e1cticamente cuadruplicar la inversi\u00f3n realizada en el periodo 2012-2015.<\/p>\n\n\n\n<p class=\"wp-block-paragraph\">Del total de actuaciones, 34 se llevar\u00e1n a cabo en la provincia de Alicante, con una inversi\u00f3n de 224,7 millones de euros, es decir el 37% de la inversi\u00f3n total; 22 en Castell\u00f3n, con 73,3 millones de euros, lo que supone el 12% de la inversi\u00f3n; y 40 actuaciones en la provincia de Valencia, que contar\u00e1n con 340,3 millones de euros, es decir el 51% de la inversi\u00f3n del plan.<\/p>\n\n\n\n<p class=\"wp-block-paragraph\">En concreto, se acometer\u00e1 la reforma y\/o ampliaci\u00f3n de 22 hospitales, as\u00ed como la mejora o construcci\u00f3n de 50 centros de atenci\u00f3n primaria y la construcci\u00f3n de 6 nuevos centros de especialidades, lo cual permitir\u00e1 sumar 1.206 camas y 48 nuevos quir\u00f3fanos. En suma, el plan contempla obras de ampliaci\u00f3n o reforma en una superficie total de 351.783 metros cuadrados.<\/p>\n","protected":false},"excerpt":{"rendered":"<div class=\"mh-excerpt\">El president de la Generalitat ha presentat el Pla Cr\u00e8ixer+ que es dur\u00e0 a terme entre 2021 i 2023 i permetr\u00e0 reformar i ampliar un total de 50 centres d&#8217;atenci\u00f3 prim\u00e0ria i 22 hospitals, i <a class=\"mh-excerpt-more\" href=\"https:\/\/tucomarca.whitekongsoftware.com\/ca\/el-pla-dinversions-sanitaries-pla-creixer-recull-la-demanda-del-centre-despecialitats-de-bunyol\/\" title=\"El pla d&#8217;inversions sanit\u00e0ries Pla Cr\u00e8ixer+ recull la demanda del Centre d&#8217;Especialitats de Bunyol\">[+] <\/a><\/div>\n","protected":false},"author":12,"featured_media":134528,"comment_status":"open","ping_status":"open","sticky":false,"template":"","format":"standard","meta":{"footnotes":""},"categories":[10973,10911,11010,10976,10898,10977,10980,10948,10894,10912,10978,10947,10896,10979,10974,10975],"tags":[10913,13412,10914,14747],"class_list":["post-134519","post","type-post","status-publish","format-standard","has-post-thumbnail","category-alborache-ca","category-bunol-ca","category-canal-salud","category-dos-aguas-ca","category-ventana-ca","category-godelleta-ca","category-yatova-ca","category-infraestructuras-ca","category-la-comarca-ca","category-la-hoya-ca","category-macastre-ca","category-politica","category-seccion-ca","category-siete-aguas-ca","category-cheste-ca","category-chiva-ca","tag-bunol-ca","tag-centro-de-especialidades-ca","tag-la-hoya-de-bunol-chiva-ca","tag-plan-creixer-ca"],"_links":{"self":[{"href":"https:\/\/tucomarca.whitekongsoftware.com\/ca\/wp-json\/wp\/v2\/posts\/134519","targetHints":{"allow":["GET"]}}],"collection":[{"href":"https:\/\/tucomarca.whitekongsoftware.com\/ca\/wp-json\/wp\/v2\/posts"}],"about":[{"href":"https:\/\/tucomarca.whitekongsoftware.com\/ca\/wp-json\/wp\/v2\/types\/post"}],"author":[{"embeddable":true,"href":"https:\/\/tucomarca.whitekongsoftware.com\/ca\/wp-json\/wp\/v2\/users\/12"}],"replies":[{"embeddable":true,"href":"https:\/\/tucomarca.whitekongsoftware.com\/ca\/wp-json\/wp\/v2\/comments?post=134519"}],"version-history":[{"count":0,"href":"https:\/\/tucomarca.whitekongsoftware.com\/ca\/wp-json\/wp\/v2\/posts\/134519\/revisions"}],"wp:featuredmedia":[{"embeddable":true,"href":"https:\/\/tucomarca.whitekongsoftware.com\/ca\/wp-json\/wp\/v2\/media\/134528"}],"wp:attachment":[{"href":"https:\/\/tucomarca.whitekongsoftware.com\/ca\/wp-json\/wp\/v2\/media?parent=134519"}],"wp:term":[{"taxonomy":"category","embeddable":true,"href":"https:\/\/tucomarca.whitekongsoftware.com\/ca\/wp-json\/wp\/v2\/categories?post=134519"},{"taxonomy":"post_tag","embeddable":true,"href":"https:\/\/tucomarca.whitekongsoftware.com\/ca\/wp-json\/wp\/v2\/tags?post=134519"}],"curies":[{"name":"wp","href":"https:\/\/api.w.org\/{rel}","templated":true}]}}