{"id":134481,"date":"2021-06-02T19:00:00","date_gmt":"2021-06-02T18:00:00","guid":{"rendered":"http:\/\/www.tucomarca.com\/wordpress\/segunda\/?p=134481"},"modified":"2021-06-03T09:57:44","modified_gmt":"2021-06-03T08:57:44","slug":"sajorna-al-proxim-any-la-73-edicio-de-la-festa-de-la-verema-de-requena","status":"publish","type":"post","link":"https:\/\/tucomarca.whitekongsoftware.com\/ca\/sajorna-al-proxim-any-la-73-edicio-de-la-festa-de-la-verema-de-requena\/","title":{"rendered":"S&#8217;ajorna al pr\u00f2xim any la 73 edici\u00f3 de la Festa de la Verema de Requena"},"content":{"rendered":"\n<h4 class=\"wp-block-heading\">La decisi\u00f3 l&#8217;han feta p\u00fablica a trav\u00e9s d&#8217;un comunicat<\/h4>\n\n\n\n<p class=\"wp-block-paragraph\">Des de l&#8217;Associaci\u00f3 Festa de la Verema desitgem, en primer lloc, transmetre un missatge d&#8217;\u00e0nim i afecte a totes aquelles persones que d&#8217;una manera o un altre hagen patit les conseq\u00fc\u00e8ncies dels envits d&#8217;alguna de les ones amb qu\u00e8 la pand\u00e8mia ha colpejat en el nostre entorn.&nbsp;<\/p>\n\n\n\n<p class=\"wp-block-paragraph\">En els \u00faltims mesos, fruit de les mesures de distanciament social i l&#8217;avan\u00e7 dels programes de vacunaci\u00f3, l&#8217;evoluci\u00f3 de la pand\u00e8mia est\u00e0 experimentant una sensible millora, la qual cosa est\u00e0 possibilitant una certa relaxaci\u00f3 en les mesures preventives. Amb la finalitzaci\u00f3 de l&#8217;estat d&#8217;alarma declarat a Espanya i la desescalada d&#8217;aquestes limitacions, aix\u00ed com amb la previsi\u00f3 a curt-mitj\u00e0 termini de l&#8217;esmentada desescalada a nivell auton\u00f2mic, s&#8217;ha aconseguit que en l&#8217;actualitat, la Comunitat Valenciana siga una de les quals presenta menor incid\u00e8ncia de la infecci\u00f3 per COVID-19 a Espanya.&nbsp;<\/p>\n\n\n\n<p class=\"wp-block-paragraph\">Des de la Comissi\u00f3 Executiva de l&#8217;Associaci\u00f3 Festa de la Verema, juntament amb la Comissi\u00f3 Central de la 73 edici\u00f3 i sempre en coordinaci\u00f3 amb el M.I. Ajuntament de Requena, hem estudiat la represa dels actes festius amb la corresponent adequaci\u00f3 a les mesures sanit\u00e0ries. No obstant aix\u00f2, despr\u00e9s de l&#8217;anunci del nostre Govern auton\u00f2mic, que les mesures que afecten les festes populars romandran vigents en el millor dels casos fins a finals d&#8217;agost, ens trobem amb un important h\u00e0ndicap per al desenvolupament de la nostra Festa. La Festa de la Verema es caracteritza per moure importants masses de poblaci\u00f3 als seus esdeveniments i el seu objectiu \u00e9s portar la festa als carrers de Requena, aspectes que per al mes d&#8217;agost encara es trobaran limitats.&nbsp;<\/p>\n\n\n\n<p class=\"wp-block-paragraph\">Pensem que per sentit de responsabilitat de cara a minimitzar riscos, com no podria ser d&#8217;una altra manera, el plantejament de la totalitat dels actes en espais amb control d&#8217;acc\u00e9s i restricci\u00f3 estricta d&#8217;aforament, portaria al fet que tant la poblaci\u00f3 de Requena, com els socis i fins i tot la totalitat dels propis components de l&#8217;edici\u00f3 de la Festa de la Verema, no pogueren participar i gaudir dels esdeveniments programats, esdeveniments que, d&#8217;altra banda, es veurien redu\u00efts a la seua m\u00ednima expressi\u00f3, ja que en tot cas seria inviable mantindre un programa tal com estem acostumats a veure en edicions anteriors, tots aquests aspectes, pensem, trenquen amb el fonament de la nostra Festa, una festa pensada per i per al poble.<\/p>\n\n\n\n<p class=\"wp-block-paragraph\">Per tot l&#8217;anteriorment exposat, volem comunicar que hem adoptat la decisi\u00f3 d&#8217;ajornar la 73 Festa de la Verema a 2022. D&#8217;altra banda i al marge de l&#8217;esmentat ajornament, volem expressar la nostra voluntat de treballar juntament amb el M.I. Ajuntament de Requena, per oferir aquest estiu una programaci\u00f3 cultural responsable i en coher\u00e8ncia amb les mesures sanit\u00e0ries imperants. Confiem que al llarg dels mesos que tenim per davant, l&#8217;evoluci\u00f3 positiva de la situaci\u00f3 sanit\u00e0ria es consolide i tots puguem anar recobrant la normalitat que tant anhelem. Informa,<strong> Luis Ib\u00e1\u00f1ez.<\/strong><\/p>\n\n\n\n<p class=\"wp-block-paragraph\"><\/p>\n","protected":false},"excerpt":{"rendered":"<div class=\"mh-excerpt\">La decisi\u00f3 l&#8217;han feta p\u00fablica a trav\u00e9s d&#8217;un comunicat Des de l&#8217;Associaci\u00f3 Festa de la Verema desitgem, en primer lloc, transmetre un missatge d&#8217;\u00e0nim i afecte a totes aquelles persones que d&#8217;una manera o un <a class=\"mh-excerpt-more\" href=\"https:\/\/tucomarca.whitekongsoftware.com\/ca\/sajorna-al-proxim-any-la-73-edicio-de-la-festa-de-la-verema-de-requena\/\" title=\"S&#8217;ajorna al pr\u00f2xim any la 73 edici\u00f3 de la Festa de la Verema de Requena\">[+] <\/a><\/div>\n","protected":false},"author":12,"featured_media":134480,"comment_status":"open","ping_status":"open","sticky":false,"template":"","format":"standard","meta":{"footnotes":""},"categories":[11010,12202,10948,10894,11008,10947,10908,10909,10896],"tags":[14742,11939,11940,11099,11459],"class_list":["post-134481","post","type-post","status-publish","format-standard","has-post-thumbnail","category-canal-salud","category-covid-19-ca","category-infraestructuras-ca","category-la-comarca-ca","category-pueblos-en-fiestas-ca","category-politica","category-requena-ca","category-requena-utiel-ca","category-seccion-ca","tag-73-fiesta-de-la-vendimia-ca","tag-coronavirus-ca","tag-covid-19-ca","tag-requena-ca","tag-utiel-requena-ca"],"_links":{"self":[{"href":"https:\/\/tucomarca.whitekongsoftware.com\/ca\/wp-json\/wp\/v2\/posts\/134481","targetHints":{"allow":["GET"]}}],"collection":[{"href":"https:\/\/tucomarca.whitekongsoftware.com\/ca\/wp-json\/wp\/v2\/posts"}],"about":[{"href":"https:\/\/tucomarca.whitekongsoftware.com\/ca\/wp-json\/wp\/v2\/types\/post"}],"author":[{"embeddable":true,"href":"https:\/\/tucomarca.whitekongsoftware.com\/ca\/wp-json\/wp\/v2\/users\/12"}],"replies":[{"embeddable":true,"href":"https:\/\/tucomarca.whitekongsoftware.com\/ca\/wp-json\/wp\/v2\/comments?post=134481"}],"version-history":[{"count":0,"href":"https:\/\/tucomarca.whitekongsoftware.com\/ca\/wp-json\/wp\/v2\/posts\/134481\/revisions"}],"wp:featuredmedia":[{"embeddable":true,"href":"https:\/\/tucomarca.whitekongsoftware.com\/ca\/wp-json\/wp\/v2\/media\/134480"}],"wp:attachment":[{"href":"https:\/\/tucomarca.whitekongsoftware.com\/ca\/wp-json\/wp\/v2\/media?parent=134481"}],"wp:term":[{"taxonomy":"category","embeddable":true,"href":"https:\/\/tucomarca.whitekongsoftware.com\/ca\/wp-json\/wp\/v2\/categories?post=134481"},{"taxonomy":"post_tag","embeddable":true,"href":"https:\/\/tucomarca.whitekongsoftware.com\/ca\/wp-json\/wp\/v2\/tags?post=134481"}],"curies":[{"name":"wp","href":"https:\/\/api.w.org\/{rel}","templated":true}]}}