{"id":134452,"date":"2021-06-02T20:00:00","date_gmt":"2021-06-02T19:00:00","guid":{"rendered":"http:\/\/www.tucomarca.com\/wordpress\/segunda\/?p=134452"},"modified":"2021-06-03T09:39:39","modified_gmt":"2021-06-03T08:39:39","slug":"cear-i-lajuntament-de-bunol-organitzen-tallers-per-a-joves-dins-de-lescola-de-musiques-del-mon-al-parc-de-sant-lluis-i-el-planell","status":"publish","type":"post","link":"https:\/\/tucomarca.whitekongsoftware.com\/ca\/cear-i-lajuntament-de-bunol-organitzen-tallers-per-a-joves-dins-de-lescola-de-musiques-del-mon-al-parc-de-sant-lluis-i-el-planell\/","title":{"rendered":"CEAR i l&#8217;Ajuntament de Bu\u00f1ol organitzen tallers per a joves dins de l&#8217;Escola de M\u00fasiques del M\u00f3n al Parc de Sant Llu\u00eds i el Planell"},"content":{"rendered":"\n<h4 class=\"wp-block-heading\">Els tallers s\u00f3n gratu\u00efts i estan enfocats a persones majors de 12 anys. L&#8217;objectiu \u00e9s afavorir la conviv\u00e8ncia intercultural i desenvolupar estrat\u00e8gies de prevenci\u00f3 del racisme i la xenof\u00f2bia.<\/h4>\n\n\n\n<figure class=\"wp-block-image size-large\"><img loading=\"lazy\" decoding=\"async\" width=\"787\" height=\"558\" src=\"http:\/\/www.tucomarca.com\/wordpress\/segunda\/wp-content\/uploads\/2021\/06\/BunyolESMUMBU21-2.jpg\" alt=\"\" class=\"wp-image-134449\" srcset=\"https:\/\/tucomarca.whitekongsoftware.com\/wp-content\/uploads\/2021\/06\/BunyolESMUMBU21-2.jpg 787w, https:\/\/tucomarca.whitekongsoftware.com\/wp-content\/uploads\/2021\/06\/BunyolESMUMBU21-2-300x213.jpg 300w, https:\/\/tucomarca.whitekongsoftware.com\/wp-content\/uploads\/2021\/06\/BunyolESMUMBU21-2-768x545.jpg 768w\" sizes=\"auto, (max-width: 787px) 100vw, 787px\" \/><\/figure>\n\n\n\n<p class=\"wp-block-paragraph\">CEAR PV i l&#8217;Ajuntament de Bu\u00f1ol, a trav\u00e9s de les Regidories de Benestar Social i Pol\u00edtiques Inclusives, juntament amb la Regidoria de Joventut, reinicien l&#8217;Escola de M\u00fasiques del M\u00f3n de Bunyol, (ESMUMBU). El projecte t\u00e9 com a objectiu general establir en el municipi un espai que facilite el coneixement i reconeixement de diverses cultures per a promoure la seua inclusi\u00f3.<br>La m\u00fasica, com l&#8217;art en general serveixen com a eines; els grups humans i\/o pobles han desenvolupat expressions, individuals i col\u00b7lectives, semblants a trav\u00e9s de la veu, la paraula, el cos i materials del seu entorn, donant com a resultat la poesia, el cant, la dansa, el teatre, la m\u00fasica, l&#8217;artesania, la pintura, l&#8217;escultura, l&#8217;arquitectura.<br>Aquest projecte est\u00e0 emmarcat en la l\u00ednia d&#8217;activitats de sensibilitzaci\u00f3 \u2013 tamb\u00e9 anomenada educaci\u00f3 per al desenvolupament o educaci\u00f3 per a la ciutadania global- de CEAR, que t\u00e9 entre els seus objectius \u201cafavorir la conviv\u00e8ncia intercultural i desenvolupar estrat\u00e8gies de prevenci\u00f3 del racisme i la xenof\u00f2bia\u201d (objectiu general, OG4, de l&#8217;Estrat\u00e8gia d&#8217;Educaci\u00f3 per al desenvolupament de CEAR).<br>En aquesta edici\u00f3 de ESMUMBU, es comptar\u00e0 amb la participaci\u00f3 com a docents dels artistes: Ray Sandoval \u2013 Arizona \u2013 Estats Units (guitarra), Gabriela Castillo- Argentina (veu), Faty Dembel \u2013 el Senegal (djemb\u00e9), Diego Lema \u2013 l&#8217;Equador (flauta zampo\u00f1a), Zahid Mohamed \u2013 Pakistan (rabab); el taller sobre tbal ho impartiran membres de Zemmur (Associaci\u00f3 de sahrau\u00eds de Val\u00e8ncia).<br>Carles Xerri, regidor de Benestar Social i Pol\u00edtiques Inclusives confirma que aquests tallers s\u00f3n gratu\u00efts, i que estan enfocats a persones de totes les edats, a partir de 12 anys. Les sessions de l&#8217;escola es desenvoluparan des de l&#8217;1 fins al 22 de juliol a Bu\u00f1ol; el 25 de juliol se celebrar\u00e0 un concert final amb les persones participant en els tallers. Les sessions formatives s\u00f3n els dimarts, dijous i dissabtes de 19 a 20.30h.<br>Juan Luis Pall\u00e1s, regidor de Joventut de l&#8217;Ajuntament de Bu\u00f1ol, ha mostrat la seua satisfacci\u00f3 per poder treballar conjuntament amb altres regidories i m\u00e9s en aquesta mena d&#8217;iniciatives. \u201cPer aix\u00f2, anime a la participaci\u00f3 de tota la poblaci\u00f3 en aquestes jornades per a poder con\u00e9ixer de prop *diiferentes cultures, instruments i aprendre d&#8217;elles. Amb la ESMUMBU mesclem integraci\u00f3, participaci\u00f3, diversitat cultural i creixement personal\u201d, va finalitzar l&#8217;edil de Joventut bunyolense.<br>Els tallers de guitarra i djemb\u00e9; de rabab i tabal i l&#8217;assaig conjunt, es realitzaran al Parc de Sant Llu\u00eds; els de flauta zampo\u00f1a i cant en el Planell. Seran tallers te\u00f2rics. L&#8217;assaig conjunt es realitzar\u00e0 tamb\u00e9 en el paratge del Parc de Sant Llu\u00eds. El concert final comptar\u00e0 amb els participants en els tallers i els artistes, interpretant una pe\u00e7a col\u00b7lectiva dirigida per l&#8217;artista Rei Sandoval.<br>Per a obtindre m\u00e9s informaci\u00f3 pot dir-se a CEAR, al tel\u00e8fon 963162477, o enviar un mail a cearpv@cear.es (indicant Assumpte Esmumbu), o tamb\u00e9 cridar a l&#8217;Ajuntament de Bunyol. El per\u00edode d&#8217;inscripci\u00f3 est\u00e0 obert fins al 22 de juny. Han d&#8217;emplenar el formulari \u00edntegre.&nbsp;<br>En aquesta web tamb\u00e9 s&#8217;ofereix m\u00e9s informaci\u00f3:<\/p>\n\n\n\n<figure class=\"wp-block-embed is-type-wp-embed is-provider-cear-pais-valencia wp-block-embed-cear-pais-valencia\"><div class=\"wp-block-embed__wrapper\">\n<blockquote class=\"wp-embedded-content\" data-secret=\"4c0S0EHind\"><a href=\"https:\/\/www.cearpv.org\/escola-de-musiques-del-mon-esmumbu\/\">Escola de M\u00fasiques del M\u00f3n ESMUMBU<\/a><\/blockquote><iframe loading=\"lazy\" class=\"wp-embedded-content\" sandbox=\"allow-scripts\" security=\"restricted\" style=\"position: absolute; clip: rect(1px, 1px, 1px, 1px);\" title=\"\u00abEscola de M\u00fasiques del M\u00f3n ESMUMBU\u00bb \u2014 CEAR Pa\u00eds Valenci\u00e0\" src=\"https:\/\/www.cearpv.org\/escola-de-musiques-del-mon-esmumbu\/embed\/#?secret=dRlE6ofCzo#?secret=4c0S0EHind\" data-secret=\"4c0S0EHind\" width=\"500\" height=\"282\" frameborder=\"0\" marginwidth=\"0\" marginheight=\"0\" scrolling=\"no\"><\/iframe>\n<\/div><\/figure>\n\n\n\n<p class=\"wp-block-paragraph\">El formulari d&#8217;inscripci\u00f3 necessari per a poder acudir als tallers \u00e9s:<\/p>\n\n\n\n<p class=\"wp-block-paragraph\"><a href=\"https:\/\/docs.google.com\/forms\/d\/e\/1FAIpQLSeecVjpbT3Eg6rNLmeqXkxXVKOaVZuDLC4yM5qhYyBliG_jgw\/viewform\">https:\/\/docs.google.com\/forms\/d\/e\/1FAIpQLSeecVjpbT3Eg6rNLmeqXkxXVKOaVZuDLC4yM5qhYyBliG_jgw\/viewform<\/a><\/p>\n","protected":false},"excerpt":{"rendered":"<div class=\"mh-excerpt\">Els tallers s\u00f3n gratu\u00efts i estan enfocats a persones majors de 12 anys. L&#8217;objectiu \u00e9s afavorir la conviv\u00e8ncia intercultural i desenvolupar estrat\u00e8gies de prevenci\u00f3 del racisme i la xenof\u00f2bia. CEAR PV i l&#8217;Ajuntament de Bu\u00f1ol, <a class=\"mh-excerpt-more\" href=\"https:\/\/tucomarca.whitekongsoftware.com\/ca\/cear-i-lajuntament-de-bunol-organitzen-tallers-per-a-joves-dins-de-lescola-de-musiques-del-mon-al-parc-de-sant-lluis-i-el-planell\/\" title=\"CEAR i l&#8217;Ajuntament de Bu\u00f1ol organitzen tallers per a joves dins de l&#8217;Escola de M\u00fasiques del M\u00f3n al Parc de Sant Llu\u00eds i el Planell\">[+] <\/a><\/div>\n","protected":false},"author":12,"featured_media":134448,"comment_status":"open","ping_status":"open","sticky":false,"template":"","format":"standard","meta":{"footnotes":""},"categories":[10911,11005,10894,10912,11007],"tags":[10913,14737,12157,10914,14738],"class_list":["post-134452","post","type-post","status-publish","format-standard","has-post-thumbnail","category-bunol-ca","category-canal-musica","category-la-comarca-ca","category-la-hoya-ca","category-ocio-y-cultura-ca","tag-bunol-ca","tag-cear-ca","tag-el-planell-ca","tag-la-hoya-de-bunol-chiva-ca","tag-san-luis-ca"],"_links":{"self":[{"href":"https:\/\/tucomarca.whitekongsoftware.com\/ca\/wp-json\/wp\/v2\/posts\/134452","targetHints":{"allow":["GET"]}}],"collection":[{"href":"https:\/\/tucomarca.whitekongsoftware.com\/ca\/wp-json\/wp\/v2\/posts"}],"about":[{"href":"https:\/\/tucomarca.whitekongsoftware.com\/ca\/wp-json\/wp\/v2\/types\/post"}],"author":[{"embeddable":true,"href":"https:\/\/tucomarca.whitekongsoftware.com\/ca\/wp-json\/wp\/v2\/users\/12"}],"replies":[{"embeddable":true,"href":"https:\/\/tucomarca.whitekongsoftware.com\/ca\/wp-json\/wp\/v2\/comments?post=134452"}],"version-history":[{"count":0,"href":"https:\/\/tucomarca.whitekongsoftware.com\/ca\/wp-json\/wp\/v2\/posts\/134452\/revisions"}],"wp:featuredmedia":[{"embeddable":true,"href":"https:\/\/tucomarca.whitekongsoftware.com\/ca\/wp-json\/wp\/v2\/media\/134448"}],"wp:attachment":[{"href":"https:\/\/tucomarca.whitekongsoftware.com\/ca\/wp-json\/wp\/v2\/media?parent=134452"}],"wp:term":[{"taxonomy":"category","embeddable":true,"href":"https:\/\/tucomarca.whitekongsoftware.com\/ca\/wp-json\/wp\/v2\/categories?post=134452"},{"taxonomy":"post_tag","embeddable":true,"href":"https:\/\/tucomarca.whitekongsoftware.com\/ca\/wp-json\/wp\/v2\/tags?post=134452"}],"curies":[{"name":"wp","href":"https:\/\/api.w.org\/{rel}","templated":true}]}}