{"id":134441,"date":"2021-06-03T08:00:00","date_gmt":"2021-06-03T07:00:00","guid":{"rendered":"http:\/\/www.tucomarca.com\/wordpress\/segunda\/?p=134441"},"modified":"2021-06-03T10:09:34","modified_gmt":"2021-06-03T09:09:34","slug":"la-guardia-civil-procedeix-contra-una-persona-per-diversos-delictes-de-robatori-amb-forca-a-la-comarca-de-la-ribera-alta","status":"publish","type":"post","link":"https:\/\/tucomarca.whitekongsoftware.com\/ca\/la-guardia-civil-procedeix-contra-una-persona-per-diversos-delictes-de-robatori-amb-forca-a-la-comarca-de-la-ribera-alta\/","title":{"rendered":"La Gu\u00e0rdia Civil procedeix contra una persona per diversos delictes de robatori amb for\u00e7a a la comarca de la Ribera Alta"},"content":{"rendered":"\n<p class=\"wp-block-paragraph\">Dins de l&#8217;Operaci\u00f3 \u201cDOVAL\u201d duta a terme per la Gu\u00e0rdia Civil de Carlet, s&#8217;ha detingut a una persona com a suposat autor de diversos delictes comesos, en les localitats de Carlet, L&#8217;Alcudia, Alginet i Picassent<\/p>\n\n\n\n<p class=\"wp-block-paragraph\">L&#8217;autor dels fets havia com\u00e9s m\u00e9s de 10 delictes, entre ells robatori amb for\u00e7a i intimidaci\u00f3, robatori amb for\u00e7a en les coses, robatori i furt d&#8217;\u00fas de vehicles, furt i atemptat a agent de l&#8217;autoritat<\/p>\n\n\n\n<p class=\"wp-block-paragraph\">El mes de maig passat, la Gu\u00e0rdia Civil de Carlet en el marc de l&#8217;Operaci\u00f3 \u201cDoval\u201c, va esclarir m\u00e9s de 10 delictes de robatori amb for\u00e7a comesos en les localitats de Carlet, L&#8217;Alcudia, Alginet i Picassent.&nbsp;<\/p>\n\n\n\n<p class=\"wp-block-paragraph\">Despr\u00e9s de tindre coneixement la Gu\u00e0rdia Civil de Carlet, del robatori a l&#8217;interior d&#8217;un vehicle en el municipi d&#8217;Alginet. Es va comprovar que l&#8217;autor dels fets, va furtar un gat elevador que, posteriorment, va utilitzar per a for\u00e7ar la reixa d&#8217;un establiment hostaler, aconseguint accedir i fer-se, amb diferents objectes.<\/p>\n\n\n\n<p class=\"wp-block-paragraph\">Dies m\u00e9s tard, una ve\u00efna d&#8217;Alginet, den\u00fancia que un home que coneix, ha entrat en el seu domicili i que, despr\u00e9s d&#8217;entaular conversa amb ell, va comen\u00e7ar a prendre objectes amb la intenci\u00f3 de portar-li&#8217;ls. La mata va intentar impedir la situaci\u00f3, per la qual cosa l&#8217;autor va decidir reduir-la, per a fugir.&nbsp;&nbsp;<\/p>\n\n\n\n<p class=\"wp-block-paragraph\">Dies despr\u00e9s tamb\u00e9 es t\u00e9 coneixement, per part dels Agents, d&#8217;un altre robatori amb for\u00e7a a l&#8217;interior d&#8217;un vehicle en la localitat de L&#8217;Alcudia, on, el presumpte autor, es va emportar amb si una bandolera, que posteriorment va ser identificada per un dels perjudicats.<\/p>\n\n\n\n<p class=\"wp-block-paragraph\">En la localitat de Picassent, tamb\u00e9 es va tindre const\u00e0ncia de la sostracci\u00f3, pel mateix autor, d&#8217;un patinet el\u00e8ctric i una bicicleta de carretera valorada en 3600 euros.<\/p>\n\n\n\n<p class=\"wp-block-paragraph\">Aqueix mateix dia, despr\u00e9s de la coordinaci\u00f3 de la Gu\u00e0rdia Civil, de les diferents localitats afectades, l&#8217;autor dels fets \u00e9s localitzat i detingut per agents de Picassent. En el moment de la seua detenci\u00f3, no va dubtar a agredir a un dels agents, colpejant-lo en la zona abdominal i provocant-li una fractura en la costella. A m\u00e9s, en aquell instant, tenia en el seu poder una bicicleta el\u00e8ctrica que tamb\u00e9 havia sigut sostreta.<\/p>\n\n\n\n<p class=\"wp-block-paragraph\">Per tot aix\u00f2 es va detindre a l&#8217;autor dels fets, un home de 28 anys de nacionalitat espanyola, pels delictes de robatori amb for\u00e7a i intimidaci\u00f3, robatori amb for\u00e7a en les coses, robatori i furt d&#8217;\u00fas de vehicles, furt i atemptat a agent de l&#8217;autoritat. Un total de 10 delictes que han pogut ser esclarits.<\/p>\n\n\n\n<p class=\"wp-block-paragraph\">Les dilig\u00e8ncies han passat a la disposici\u00f3 del Jutjat de Primera Inst\u00e0ncia i Instrucci\u00f3 de Carlet i de Picassent.<\/p>\n","protected":false},"excerpt":{"rendered":"<div class=\"mh-excerpt\">Dins de l&#8217;Operaci\u00f3 \u201cDOVAL\u201d duta a terme per la Gu\u00e0rdia Civil de Carlet, s&#8217;ha detingut a una persona com a suposat autor de diversos delictes comesos, en les localitats de Carlet, L&#8217;Alcudia, Alginet i Picassent <a class=\"mh-excerpt-more\" href=\"https:\/\/tucomarca.whitekongsoftware.com\/ca\/la-guardia-civil-procedeix-contra-una-persona-per-diversos-delictes-de-robatori-amb-forca-a-la-comarca-de-la-ribera-alta\/\" title=\"La Gu\u00e0rdia Civil procedeix contra una persona per diversos delictes de robatori amb for\u00e7a a la comarca de la Ribera Alta\">[+] <\/a><\/div>\n","protected":false},"author":12,"featured_media":134440,"comment_status":"open","ping_status":"open","sticky":false,"template":"","format":"standard","meta":{"footnotes":""},"categories":[10990,10995,10894,10904,10902,10897],"tags":[11082,11118,11356,14736],"class_list":["post-134441","post","type-post","status-publish","format-standard","has-post-thumbnail","category-carlet-ca","category-lalcudia-ca","category-la-comarca-ca","category-sin-categorizar-ca","category-la-ribera-ca","category-sucesos-la-comarca-ca","tag-carlet-ca","tag-guardia-civil-ca","tag-ribera-alta-ca","tag-robo-con-fuerza-ca"],"_links":{"self":[{"href":"https:\/\/tucomarca.whitekongsoftware.com\/ca\/wp-json\/wp\/v2\/posts\/134441","targetHints":{"allow":["GET"]}}],"collection":[{"href":"https:\/\/tucomarca.whitekongsoftware.com\/ca\/wp-json\/wp\/v2\/posts"}],"about":[{"href":"https:\/\/tucomarca.whitekongsoftware.com\/ca\/wp-json\/wp\/v2\/types\/post"}],"author":[{"embeddable":true,"href":"https:\/\/tucomarca.whitekongsoftware.com\/ca\/wp-json\/wp\/v2\/users\/12"}],"replies":[{"embeddable":true,"href":"https:\/\/tucomarca.whitekongsoftware.com\/ca\/wp-json\/wp\/v2\/comments?post=134441"}],"version-history":[{"count":0,"href":"https:\/\/tucomarca.whitekongsoftware.com\/ca\/wp-json\/wp\/v2\/posts\/134441\/revisions"}],"wp:featuredmedia":[{"embeddable":true,"href":"https:\/\/tucomarca.whitekongsoftware.com\/ca\/wp-json\/wp\/v2\/media\/134440"}],"wp:attachment":[{"href":"https:\/\/tucomarca.whitekongsoftware.com\/ca\/wp-json\/wp\/v2\/media?parent=134441"}],"wp:term":[{"taxonomy":"category","embeddable":true,"href":"https:\/\/tucomarca.whitekongsoftware.com\/ca\/wp-json\/wp\/v2\/categories?post=134441"},{"taxonomy":"post_tag","embeddable":true,"href":"https:\/\/tucomarca.whitekongsoftware.com\/ca\/wp-json\/wp\/v2\/tags?post=134441"}],"curies":[{"name":"wp","href":"https:\/\/api.w.org\/{rel}","templated":true}]}}