{"id":134410,"date":"2021-06-02T17:13:00","date_gmt":"2021-06-02T16:13:00","guid":{"rendered":"http:\/\/www.tucomarca.com\/wordpress\/segunda\/?p=134410"},"modified":"2021-06-03T10:11:33","modified_gmt":"2021-06-03T09:11:33","slug":"el-centre-de-salut-publica-dalzira-preve-el-tabaquisme-entre-els-escolars-de-la-ribera","status":"publish","type":"post","link":"https:\/\/tucomarca.whitekongsoftware.com\/ca\/el-centre-de-salut-publica-dalzira-preve-el-tabaquisme-entre-els-escolars-de-la-ribera\/","title":{"rendered":"El Centre de Salut P\u00fablica d&#8217;Alzira prev\u00e9 el tabaquisme entre els escolars de la Ribera"},"content":{"rendered":"\n<h4 class=\"wp-block-heading\">L&#8217;IES 9 d\u2019Octubre de Carlet ha resultat finalista en el concurs europeu de Classes Sense Fum<\/h4>\n\n\n\n<p class=\"wp-block-paragraph\">El Centre de Salut P\u00fablica (CSP) d&#8217;Alzira ha entregat, este mat\u00ed, un premi a l&#8217;IES 9 d\u2019Octubre de Carlet per haver quedat finalista amb acc\u00e8ssit en el concurs europeu Classes Sense Fum, organitzat en el marc de la celebraci\u00f3 del Dia Mundial Sense Tabac, que es commemora hui, 31 de maig.<\/p>\n\n\n\n<p class=\"wp-block-paragraph\">El curtmetratge premiat, amb el lema \u201cFumar mata\u201d ha estat realitzat per l&#8217;alumnat de 1r de l&#8217;ESO de l&#8217;institut premiat.&nbsp;<\/p>\n\n\n\n<p class=\"wp-block-paragraph\">A l&#8217;acte de lliurament han assistit el director del Centre de Salut P\u00fablica d&#8217;Alzira, Jos\u00e9 A\u00f1\u00f3; l&#8217;adjunta a la Direcci\u00f3 d&#8217;Infermeria d&#8217;Atenci\u00f3 Prim\u00e0ria del Departament de Salut de la Ribera, Mariv\u00ed Verdeguer, i l&#8217;alcaldessa de Carlet, M\u00aa Josep Ortega.<\/p>\n\n\n\n<p class=\"wp-block-paragraph\">D&#8217;\u00e0mbit europeu, l&#8217;objectiu d&#8217;este concurs \u00e9s el de refor\u00e7ar el car\u00e0cter voluntari de la decisi\u00f3 de no fumar, amb el comprom\u00eds de tota la classe de donar-se mutu suport i augmentar la seua autoconfian\u00e7a, \u201caprenent a dir que no i a defensar-se de les pressions que s&#8217;exerceixen sobre els joves des de diferents \u00e0mbits perqu\u00e8 fumen\u201d, ha assenyalat el director del CSP d&#8217;Alzira.<\/p>\n\n\n\n<p class=\"wp-block-paragraph\">Aix\u00ed, cada classe participant havia de realitzar un curtmetratge preventiu del tabaquisme, amb l&#8217;objectiu de previndre o retardar l&#8217;inici al consum de tabac, potenciar les habilitats escolars per a mantindre&#8217;s com no fumadors i refor\u00e7ar les accions preventives sobre el tabaquisme realitzades pr\u00e8viament a l&#8217;aula.<\/p>\n\n\n\n<p class=\"wp-block-paragraph\">L&#8217;alumnat participant en el concurs signa un comprom\u00eds pel qual ha de mantindre&#8217;s sense fumar durant el temps que dura la competici\u00f3.&nbsp;<\/p>\n\n\n\n<p class=\"wp-block-paragraph\">En este sentit, l&#8217;adjunta a la Direcci\u00f3 d&#8217;Infermeria del Departament de Salut, Mariv\u00ed Verdeguer, ha agra\u00eft als escolars l&#8217;esfor\u00e7 realitzat i els ha traslladat \u201cla confian\u00e7a que, des de les institucions sanit\u00e0ries, tenim en els m\u00e9s joves per a fer de la societat futura, una societat m\u00e9s saludable\u201d.<\/p>\n\n\n\n<p class=\"wp-block-paragraph\">El curtmetratge premiat pot veure&#8217;s en la p\u00e0gina de Facebook (www.facebook.com\/dslaribera) i en el canal de Youtube (https:\/\/youtu.be\/-wl65nv4mrs) del Departament de Salut de la Ribera.<\/p>\n","protected":false},"excerpt":{"rendered":"<div class=\"mh-excerpt\">L&#8217;IES 9 d\u2019Octubre de Carlet ha resultat finalista en el concurs europeu de Classes Sense Fum El Centre de Salut P\u00fablica (CSP) d&#8217;Alzira ha entregat, este mat\u00ed, un premi a l&#8217;IES 9 d\u2019Octubre de Carlet <a class=\"mh-excerpt-more\" href=\"https:\/\/tucomarca.whitekongsoftware.com\/ca\/el-centre-de-salut-publica-dalzira-preve-el-tabaquisme-entre-els-escolars-de-la-ribera\/\" title=\"El Centre de Salut P\u00fablica d&#8217;Alzira prev\u00e9 el tabaquisme entre els escolars de la Ribera\">[+] <\/a><\/div>\n","protected":false},"author":12,"featured_media":134409,"comment_status":"open","ping_status":"open","sticky":false,"template":"","format":"standard","meta":{"footnotes":""},"categories":[10889,11010,10948,10894,10902,10896],"tags":[11192,11082,14732,12165,14733,14734,11356],"class_list":["post-134410","post","type-post","status-publish","format-standard","has-post-thumbnail","category-alzira-cat","category-canal-salud","category-infraestructuras-ca","category-la-comarca-ca","category-la-ribera-ca","category-seccion-ca","tag-alzira-ca","tag-carlet-ca","tag-centro-de-salud-publica-de-alzira-ca","tag-conselleria-de-sanitat-ca","tag-dia-mundial-sin-tabaco-ca","tag-ies-9-doctubre-de-carlet-ca","tag-ribera-alta-ca"],"_links":{"self":[{"href":"https:\/\/tucomarca.whitekongsoftware.com\/ca\/wp-json\/wp\/v2\/posts\/134410","targetHints":{"allow":["GET"]}}],"collection":[{"href":"https:\/\/tucomarca.whitekongsoftware.com\/ca\/wp-json\/wp\/v2\/posts"}],"about":[{"href":"https:\/\/tucomarca.whitekongsoftware.com\/ca\/wp-json\/wp\/v2\/types\/post"}],"author":[{"embeddable":true,"href":"https:\/\/tucomarca.whitekongsoftware.com\/ca\/wp-json\/wp\/v2\/users\/12"}],"replies":[{"embeddable":true,"href":"https:\/\/tucomarca.whitekongsoftware.com\/ca\/wp-json\/wp\/v2\/comments?post=134410"}],"version-history":[{"count":0,"href":"https:\/\/tucomarca.whitekongsoftware.com\/ca\/wp-json\/wp\/v2\/posts\/134410\/revisions"}],"wp:featuredmedia":[{"embeddable":true,"href":"https:\/\/tucomarca.whitekongsoftware.com\/ca\/wp-json\/wp\/v2\/media\/134409"}],"wp:attachment":[{"href":"https:\/\/tucomarca.whitekongsoftware.com\/ca\/wp-json\/wp\/v2\/media?parent=134410"}],"wp:term":[{"taxonomy":"category","embeddable":true,"href":"https:\/\/tucomarca.whitekongsoftware.com\/ca\/wp-json\/wp\/v2\/categories?post=134410"},{"taxonomy":"post_tag","embeddable":true,"href":"https:\/\/tucomarca.whitekongsoftware.com\/ca\/wp-json\/wp\/v2\/tags?post=134410"}],"curies":[{"name":"wp","href":"https:\/\/api.w.org\/{rel}","templated":true}]}}