{"id":134101,"date":"2021-05-29T12:00:00","date_gmt":"2021-05-29T11:00:00","guid":{"rendered":"http:\/\/www.tucomarca.com\/wordpress\/segunda\/?p=134101"},"modified":"2021-05-31T10:01:14","modified_gmt":"2021-05-31T09:01:14","slug":"xera-compta-con-una-nova-font-por-la-que-flueix-aigua-fresca","status":"publish","type":"post","link":"https:\/\/tucomarca.whitekongsoftware.com\/ca\/xera-compta-con-una-nova-font-por-la-que-flueix-aigua-fresca\/","title":{"rendered":"Xera compta con una nova font por la que flueix aigua fresca"},"content":{"rendered":"\n<p class=\"wp-block-paragraph\">El municipi de Xera compta amb nombrosos atractius paisatg\u00edstics com les seues elevades muntanyes amb frondoses pinedes, el pant\u00e0 de Buseo i les seues fonts i brolladors.<\/p>\n\n\n\n<p class=\"wp-block-paragraph\">Entre els llocs emblem\u00e0tics del municipi figura la zona de la Font de Grabiel. En aquest enclavament la brigada del Parc Natural Xera-Sot de Xera, ha constru\u00eft una font de pedra a la qual han canalitzat l&#8217;aigua del brollador que hi ha en la zona i han millorat el seu acc\u00e9s.<\/p>\n\n\n\n<p class=\"wp-block-paragraph\">L&#8217;alcalde de la poblaci\u00f3, Alejandro Portero, ha manifestat que &#8220;una cosa que es pot fer aquest cap de setmana \u00e9s visitar la Font Gabriel, per a poder beure la seua aigua fresca, alguna cosa que abans era dif\u00edcil per la seua ubicaci\u00f3&#8221;.<\/p>\n\n\n\n<p class=\"wp-block-paragraph\">Pel seu atractiu tur\u00edstic, el municipi de Xera \u00e9s visitat per moltes milers de persones. Informa, <strong>Luis Ib\u00e1\u00f1ez<\/strong>.<\/p>\n","protected":false},"excerpt":{"rendered":"<div class=\"mh-excerpt\">El municipi de Xera compta amb nombrosos atractius paisatg\u00edstics com les seues elevades muntanyes amb frondoses pinedes, el pant\u00e0 de Buseo i les seues fonts i brolladors. Entre els llocs emblem\u00e0tics del municipi figura la <a class=\"mh-excerpt-more\" href=\"https:\/\/tucomarca.whitekongsoftware.com\/ca\/xera-compta-con-una-nova-font-por-la-que-flueix-aigua-fresca\/\" title=\"Xera compta con una nova font por la que flueix aigua fresca\">[+] <\/a><\/div>\n","protected":false},"author":1,"featured_media":134099,"comment_status":"open","ping_status":"open","sticky":false,"template":"","format":"standard","meta":{"footnotes":""},"categories":[10905,11054,10948,10894,10903,11007,10909,10896],"tags":[11318,14694,10910],"class_list":["post-134101","post","type-post","status-publish","format-standard","has-post-thumbnail","category-agricultura-la-comarca-ca","category-chera-ca","category-infraestructuras-ca","category-la-comarca-ca","category-medio-ambiente-la-comarca-ca","category-ocio-y-cultura-ca","category-requena-utiel-ca","category-seccion-ca","tag-chera-ca","tag-fuente-ca","tag-requena-utiel-ca"],"_links":{"self":[{"href":"https:\/\/tucomarca.whitekongsoftware.com\/ca\/wp-json\/wp\/v2\/posts\/134101","targetHints":{"allow":["GET"]}}],"collection":[{"href":"https:\/\/tucomarca.whitekongsoftware.com\/ca\/wp-json\/wp\/v2\/posts"}],"about":[{"href":"https:\/\/tucomarca.whitekongsoftware.com\/ca\/wp-json\/wp\/v2\/types\/post"}],"author":[{"embeddable":true,"href":"https:\/\/tucomarca.whitekongsoftware.com\/ca\/wp-json\/wp\/v2\/users\/1"}],"replies":[{"embeddable":true,"href":"https:\/\/tucomarca.whitekongsoftware.com\/ca\/wp-json\/wp\/v2\/comments?post=134101"}],"version-history":[{"count":0,"href":"https:\/\/tucomarca.whitekongsoftware.com\/ca\/wp-json\/wp\/v2\/posts\/134101\/revisions"}],"wp:featuredmedia":[{"embeddable":true,"href":"https:\/\/tucomarca.whitekongsoftware.com\/ca\/wp-json\/wp\/v2\/media\/134099"}],"wp:attachment":[{"href":"https:\/\/tucomarca.whitekongsoftware.com\/ca\/wp-json\/wp\/v2\/media?parent=134101"}],"wp:term":[{"taxonomy":"category","embeddable":true,"href":"https:\/\/tucomarca.whitekongsoftware.com\/ca\/wp-json\/wp\/v2\/categories?post=134101"},{"taxonomy":"post_tag","embeddable":true,"href":"https:\/\/tucomarca.whitekongsoftware.com\/ca\/wp-json\/wp\/v2\/tags?post=134101"}],"curies":[{"name":"wp","href":"https:\/\/api.w.org\/{rel}","templated":true}]}}