{"id":134094,"date":"2021-05-31T08:00:00","date_gmt":"2021-05-31T07:00:00","guid":{"rendered":"http:\/\/www.tucomarca.com\/wordpress\/segunda\/?p=134094"},"modified":"2021-05-31T09:53:00","modified_gmt":"2021-05-31T08:53:00","slug":"rosa-albiach-guia-a-lalumnat-de-lies-en-la-seua-visita-a-la-carencia","status":"publish","type":"post","link":"https:\/\/tucomarca.whitekongsoftware.com\/ca\/rosa-albiach-guia-a-lalumnat-de-lies-en-la-seua-visita-a-la-carencia\/","title":{"rendered":"Rosa Albiach guia a l&#8217;alumnat de l&#8217;IES en la seua visita a La Car\u00e8ncia"},"content":{"rendered":"\n<p class=\"wp-block-paragraph\">Estudiants de l&#8217;IES Tur\u00eds, que pertanyen a 1r d&#8217;ESO C i PMar, han tingut ocasi\u00f3 de visitar les restes iberes de &#8220;La Car\u00e8ncia&#8221; amb una guia d&#8217;excepci\u00f3: Rosa Albiach, directora de l&#8217;excavaci\u00f3 arqueol\u00f2gica durant dotze anys.<\/p>\n\n\n\n<p class=\"wp-block-paragraph\">L&#8217;alumnat ha seguit amb atenci\u00f3 les enriquidores explicacions d&#8217;Albiach i ha conegut un dels jaciments m\u00e9s importants d&#8217;estes caracter\u00edstiques a la Comunitat Valenciana. \u201cUna experi\u00e8ncia que, a trav\u00e9s de l&#8217;educaci\u00f3 p\u00fablica, posa en valor la nostra cultura, la nostra hist\u00f2ria i el nostre patrimoni\u201d, comenta l\u2019alcalde de Tur\u00eds, Eugenio Forta\u00f1a.<\/p>\n\n\n\n<p class=\"wp-block-paragraph\">El mateix Forta\u00f1a, acompanyat per la regidora de Cultura, Isabel Guaita, ha agra\u00eft la disponibilitat de Rosa Albiach, \u201cque sempre est\u00e0 a punt d&#8217;acudir al nostre poble i oferir-nos estes visites que sempre ens descobreixen coses noves\u201d.<\/p>\n","protected":false},"excerpt":{"rendered":"<div class=\"mh-excerpt\">Estudiants de l&#8217;IES Tur\u00eds, que pertanyen a 1r d&#8217;ESO C i PMar, han tingut ocasi\u00f3 de visitar les restes iberes de &#8220;La Car\u00e8ncia&#8221; amb una guia d&#8217;excepci\u00f3: Rosa Albiach, directora de l&#8217;excavaci\u00f3 arqueol\u00f2gica durant dotze <a class=\"mh-excerpt-more\" href=\"https:\/\/tucomarca.whitekongsoftware.com\/ca\/rosa-albiach-guia-a-lalumnat-de-lies-en-la-seua-visita-a-la-carencia\/\" title=\"Rosa Albiach guia a l&#8217;alumnat de l&#8217;IES en la seua visita a La Car\u00e8ncia\">[+] <\/a><\/div>\n","protected":false},"author":1,"featured_media":134092,"comment_status":"open","ping_status":"open","sticky":false,"template":"","format":"standard","meta":{"footnotes":""},"categories":[10948,10894,10904,10902,11007,10896,11047],"tags":[14693,11077,11093],"class_list":["post-134094","post","type-post","status-publish","format-standard","has-post-thumbnail","category-infraestructuras-ca","category-la-comarca-ca","category-sin-categorizar-ca","category-la-ribera-ca","category-ocio-y-cultura-ca","category-seccion-ca","category-turis-ca","tag-la-carencia-ca","tag-la-ribera-alta-ca","tag-turis-ca"],"_links":{"self":[{"href":"https:\/\/tucomarca.whitekongsoftware.com\/ca\/wp-json\/wp\/v2\/posts\/134094","targetHints":{"allow":["GET"]}}],"collection":[{"href":"https:\/\/tucomarca.whitekongsoftware.com\/ca\/wp-json\/wp\/v2\/posts"}],"about":[{"href":"https:\/\/tucomarca.whitekongsoftware.com\/ca\/wp-json\/wp\/v2\/types\/post"}],"author":[{"embeddable":true,"href":"https:\/\/tucomarca.whitekongsoftware.com\/ca\/wp-json\/wp\/v2\/users\/1"}],"replies":[{"embeddable":true,"href":"https:\/\/tucomarca.whitekongsoftware.com\/ca\/wp-json\/wp\/v2\/comments?post=134094"}],"version-history":[{"count":0,"href":"https:\/\/tucomarca.whitekongsoftware.com\/ca\/wp-json\/wp\/v2\/posts\/134094\/revisions"}],"wp:featuredmedia":[{"embeddable":true,"href":"https:\/\/tucomarca.whitekongsoftware.com\/ca\/wp-json\/wp\/v2\/media\/134092"}],"wp:attachment":[{"href":"https:\/\/tucomarca.whitekongsoftware.com\/ca\/wp-json\/wp\/v2\/media?parent=134094"}],"wp:term":[{"taxonomy":"category","embeddable":true,"href":"https:\/\/tucomarca.whitekongsoftware.com\/ca\/wp-json\/wp\/v2\/categories?post=134094"},{"taxonomy":"post_tag","embeddable":true,"href":"https:\/\/tucomarca.whitekongsoftware.com\/ca\/wp-json\/wp\/v2\/tags?post=134094"}],"curies":[{"name":"wp","href":"https:\/\/api.w.org\/{rel}","templated":true}]}}