{"id":134069,"date":"2021-05-30T09:00:00","date_gmt":"2021-05-30T08:00:00","guid":{"rendered":"http:\/\/www.tucomarca.com\/wordpress\/segunda\/?p=134069"},"modified":"2021-05-30T09:39:01","modified_gmt":"2021-05-30T08:39:01","slug":"leliana-presenta-la-programacio-destiu-a-la-torre-2021","status":"publish","type":"post","link":"https:\/\/tucomarca.whitekongsoftware.com\/ca\/leliana-presenta-la-programacio-destiu-a-la-torre-2021\/","title":{"rendered":"L&#8217;Eliana presenta la programaci\u00f3 d\u2019Estiu a la Torre 2021"},"content":{"rendered":"\n<h4 class=\"wp-block-heading\">La regidoria de Cultura ha donat a con\u00e9ixer aquest divendres els 15 concerts del festival de la Torre del Virrei.<\/h4>\n\n\n\n<p class=\"wp-block-paragraph\">La regidoria de Cultura ha presentat aquest divendres la nova edici\u00f3 del festival Estiu a la Torre. En aquest 2021 se celebrar\u00e0 del 5 de juny al 28 d&#8217;agost i comptar\u00e0 amb un total de 15 cites amb m\u00fasica de diversos estils.<\/p>\n\n\n\n<p class=\"wp-block-paragraph\">El certamen, que es desenvolupa com cada any a la Torre del Virrei, arrancar\u00e0 amb tres concerts fusi\u00f3 de m\u00fasiques tradicionals amb sabor mediterrani. El primer d&#8217;ells ser\u00e0 \u2018Can\u00e7ons de fer cam\u00ed\u2019, de la m\u00e0 de Borja Penalba i Mireia Vives, i continuar\u00e0 amb \u2018Sons d\u2019embat\u2019 el dissabte 12 de juny. A la setmana seg\u00fcent, Pep Gimeno el Botifarra actuar\u00e0 per primera vegada junt al Cor de l&#8217;Eliana, i l&#8217;endem\u00e0 far\u00e0 el propi l\u2019Escola Coral, amb el seu espectacle \u2018Swing, Jazz &amp; Soul\u2019. Per a aquest \u00faltim esdeveniment l&#8217;entrada ser\u00e0 gratu\u00efta amb invitaci\u00f3 a trav\u00e9s de <a href=\"http:\/\/www.elientrada.es\/\">Elientrada<\/a>.<\/p>\n\n\n\n<p class=\"wp-block-paragraph\">El dissabte 26 ser\u00e0 la clausura de la XVI edici\u00f3 del festival 5 Segles de M\u00fasica amb l&#8217;actuaci\u00f3 sempre ben rebuda pel p\u00fablic elianer de Spanish Brass i Carles D\u00e9nia.<\/p>\n\n\n\n<p class=\"wp-block-paragraph\">Per part seua, del dilluns 28 de juny al divendres 2 de juliol el Centre professional de M\u00fasica Ignacio Monzon\u00eds del col\u00b7legi IALE celebrar\u00e0 un Cicle de m\u00fasica de cambra a la Torre. Aquestes actuacions tamb\u00e9 tindran car\u00e0cter gratu\u00eft, amb invitaci\u00f3.<\/p>\n\n\n\n<p class=\"wp-block-paragraph\">El mes de juliol l&#8217;escenari de la Torre del Virrei s&#8217;omplir\u00e0 amb els concerts de festes de la Uni\u00f3 Musical de l&#8217;Eliana. Per ell passaran el Cor de la UME, l&#8217;Orquestra Simf\u00f2nica, l&#8217;Orquestra de Guitarres i la Big band. Totes aquestes cites tindran lloc a les 22.30 hores i s&#8217;accedir\u00e0, d&#8217;igual forma, amb invitaci\u00f3.<\/p>\n\n\n\n<p class=\"wp-block-paragraph\">Juliol tancar\u00e0 el seu cicle de concerts amb la tradicional Nit de Sant Elies, el dimarts 20, dins dels Premis CEL. Enguany, amb l&#8217;actuaci\u00f3 del excomponent d&#8217;Al Tall, Miquel Gil.<\/p>\n\n\n\n<p class=\"wp-block-paragraph\">El mes d&#8217;agost estar\u00e0 de nou lligat al jazz, un estil molt arrelat en la localitat on compta amb un bon nombre d&#8217;aficionats i aficionades. I ho far\u00e0 a trav\u00e9s d&#8217;un recorregut per tres dels seus m\u00faltiples subg\u00e8neres. El primer concert d&#8217;aquesta s\u00e8rie ser\u00e0 el dissabte 7 amb Jazzbona i Domisol Sisters. Una setmana m\u00e9s tard ser\u00e0 el torn de \u2018Cl\u00e0ssica en Jazz\u2019 i el dissabte 21 d\u2019Adalpeko Basket Latin Jazz.<\/p>\n\n\n\n<p class=\"wp-block-paragraph\">El punt i final a aquesta edici\u00f3 del festival el posar\u00e0, com en ocasions anteriors, Pinzellades Flamenques, que compleix 20 anys en escena i ho far\u00e0 amb l&#8217;art de M\u00f3nica Iglesias i la seua actuaci\u00f3 \u2018Mi baile\u2019. La cita amb el ball i l&#8217;espectacle de gran for\u00e7a i valor pl\u00e0stic i est\u00e8tic ser\u00e0 el dissabte 28.<\/p>\n\n\n\n<p class=\"wp-block-paragraph\">Com \u00e9s habitual, la venda d&#8217;entrades o retirada d&#8217;invitacions s&#8217;haur\u00e0 de realitzar preferentment per Internet a trav\u00e9s de <a href=\"http:\/\/www.elientrada.es\/\">Elientrada<\/a>, encara que per a totes aquelles persones que tinguen dificultats poden trobar assessorament en la compra els dimarts i dijous de 10 a 14 hores en el Centre Sociocultural.<\/p>\n\n\n\n<p class=\"wp-block-paragraph\">L&#8217;edil de Cultura, Eva Santaf\u00e9, ha desitjat que la programaci\u00f3 d&#8217;enguany siga del grat del p\u00fablic i ha convidat a elianers i elianeres a gaudir de les nits d&#8217;estiu amb m\u00fasica en viu baix les estreles. \u201c<em>Tot aix\u00f2 en un ambient agradable i, com sempre, amb totes les mesures de seguretat enfront de la Covid<\/em>\u201d, ha recordat.<\/p>\n\n\n\n<p class=\"wp-block-paragraph\">Per la seua part l&#8217;alcalde, Salva Torrent, ha agra\u00eft la seua participaci\u00f3 a totes les agrupacions professionals i no professionals i a tots els que fan possible aquesta programaci\u00f3. \u201c<em>L&#8217;Eliana sempre aposta per la cultura, especialment en aquests moments en els quals hem d&#8217;anar recuperant aqueixes xicotetes costums que ens donen la vida, com s\u00f3n compartir nits de m\u00fasica i retrobar-nos amb els nostres ve\u00efns i ve\u00efnes<\/em>\u201d, ha concl\u00f2s.<\/p>\n\n\n\n<p class=\"wp-block-paragraph\"><\/p>\n","protected":false},"excerpt":{"rendered":"<div class=\"mh-excerpt\">La regidoria de Cultura ha donat a con\u00e9ixer aquest divendres els 15 concerts del festival de la Torre del Virrei. La regidoria de Cultura ha presentat aquest divendres la nova edici\u00f3 del festival Estiu a <a class=\"mh-excerpt-more\" href=\"https:\/\/tucomarca.whitekongsoftware.com\/ca\/leliana-presenta-la-programacio-destiu-a-la-torre-2021\/\" title=\"L&#8217;Eliana presenta la programaci\u00f3 d\u2019Estiu a la Torre 2021\">[+] <\/a><\/div>\n","protected":false},"author":12,"featured_media":134067,"comment_status":"open","ping_status":"open","sticky":false,"template":"","format":"standard","meta":{"footnotes":""},"categories":[11019,10892,11005,10894,10893,11007,10896],"tags":[10395,1342,14684,10433,14685],"class_list":["post-134069","post","type-post","status-publish","format-standard","has-post-thumbnail","category-agenda-ca","category-camp-de-turia-ca","category-canal-musica","category-la-comarca-ca","category-leliana-ca","category-ocio-y-cultura-ca","category-seccion-ca","tag-camp-de-turia","tag-conciertos","tag-estiu-a-la-torre-2021","tag-leliana","tag-torre-del-virrey"],"_links":{"self":[{"href":"https:\/\/tucomarca.whitekongsoftware.com\/ca\/wp-json\/wp\/v2\/posts\/134069","targetHints":{"allow":["GET"]}}],"collection":[{"href":"https:\/\/tucomarca.whitekongsoftware.com\/ca\/wp-json\/wp\/v2\/posts"}],"about":[{"href":"https:\/\/tucomarca.whitekongsoftware.com\/ca\/wp-json\/wp\/v2\/types\/post"}],"author":[{"embeddable":true,"href":"https:\/\/tucomarca.whitekongsoftware.com\/ca\/wp-json\/wp\/v2\/users\/12"}],"replies":[{"embeddable":true,"href":"https:\/\/tucomarca.whitekongsoftware.com\/ca\/wp-json\/wp\/v2\/comments?post=134069"}],"version-history":[{"count":0,"href":"https:\/\/tucomarca.whitekongsoftware.com\/ca\/wp-json\/wp\/v2\/posts\/134069\/revisions"}],"wp:featuredmedia":[{"embeddable":true,"href":"https:\/\/tucomarca.whitekongsoftware.com\/ca\/wp-json\/wp\/v2\/media\/134067"}],"wp:attachment":[{"href":"https:\/\/tucomarca.whitekongsoftware.com\/ca\/wp-json\/wp\/v2\/media?parent=134069"}],"wp:term":[{"taxonomy":"category","embeddable":true,"href":"https:\/\/tucomarca.whitekongsoftware.com\/ca\/wp-json\/wp\/v2\/categories?post=134069"},{"taxonomy":"post_tag","embeddable":true,"href":"https:\/\/tucomarca.whitekongsoftware.com\/ca\/wp-json\/wp\/v2\/tags?post=134069"}],"curies":[{"name":"wp","href":"https:\/\/api.w.org\/{rel}","templated":true}]}}