{"id":133934,"date":"2021-05-27T17:00:00","date_gmt":"2021-05-27T16:00:00","guid":{"rendered":"http:\/\/www.tucomarca.com\/wordpress\/segunda\/?p=133934"},"modified":"2021-05-27T20:56:41","modified_gmt":"2021-05-27T19:56:41","slug":"el-prya-sollicita-un-manteniment-constant-de-la-zona-de-les-ollerias-de-requena","status":"publish","type":"post","link":"https:\/\/tucomarca.whitekongsoftware.com\/ca\/el-prya-sollicita-un-manteniment-constant-de-la-zona-de-les-ollerias-de-requena\/","title":{"rendered":"El PRyA sol\u00b7licita un manteniment constant de la zona de les Oller\u00edas de Requena"},"content":{"rendered":"\n<p class=\"wp-block-paragraph\">En el passat ple ordinari del mes de maig, des del Partit de Requena i Llogarets &#8220;sol\u00b7licitem un manteniment constant de la zona del pont de les Oller\u00edas, la qual comen\u00e7a a estar una altra vegada en unes condicions gens recomanables per a un llit d&#8217;aigua amb habitatges pr\u00f2xims&#8221; afirmen. &#8220;En aquesta zona es torna a acumular l&#8217;herba igual que va passar l&#8217;estiu passat, quan ja des de la nostra formaci\u00f3 vam haver de fer aquesta mateixa petici\u00f3 de neteja a petici\u00f3 dels ve\u00efns del barri&#8221; afigen.I cocretan &#8220;aqueixa herba que s&#8217;acumula en el llit causa un seri\u00f3s risc d&#8217;inundacions per als habitatges que estan en aqueixa zona, per la qual cosa no entenem aquesta falta de manteniment per part del govern socialista de Requena&#8221;.<\/p>\n\n\n\n<p class=\"wp-block-paragraph\">A todo ello hay que sumar que quien visite la zona verde y de paseo contigua al puente de las Oller\u00edas, &#8220;se encontrar\u00e1 con&nbsp;puentes y vallas de madera destrozados, bancos deteriorados y sin pintar desde hace a\u00f1os, papeleras rotas, fuente que no echa agua, escalones con los pelda\u00f1os en mal estado y con peligro de ca\u00edda, entre otros desperfectos&nbsp;, que deja en evidencia al gobierno socialista de Mario S\u00e1nchez por su&nbsp;dejadez&nbsp;desde hace a\u00f1os&#8221; manifiestan desde la formaci\u00f3n pol\u00edtica. Informa, <strong>Luis Ib\u00e1\u00f1ez<\/strong>.<\/p>\n","protected":false},"excerpt":{"rendered":"<div class=\"mh-excerpt\">En el passat ple ordinari del mes de maig, des del Partit de Requena i Llogarets &#8220;sol\u00b7licitem un manteniment constant de la zona del pont de les Oller\u00edas, la qual comen\u00e7a a estar una altra <a class=\"mh-excerpt-more\" href=\"https:\/\/tucomarca.whitekongsoftware.com\/ca\/el-prya-sollicita-un-manteniment-constant-de-la-zona-de-les-ollerias-de-requena\/\" title=\"El PRyA sol\u00b7licita un manteniment constant de la zona de les Oller\u00edas de Requena\">[+] <\/a><\/div>\n","protected":false},"author":1,"featured_media":133930,"comment_status":"open","ping_status":"open","sticky":false,"template":"","format":"standard","meta":{"footnotes":""},"categories":[10948,10894,10947,10908,10909,10896],"tags":[12796,10910],"class_list":["post-133934","post","type-post","status-publish","format-standard","has-post-thumbnail","category-infraestructuras-ca","category-la-comarca-ca","category-politica","category-requena-ca","category-requena-utiel-ca","category-seccion-ca","tag-prya-ca","tag-requena-utiel-ca"],"_links":{"self":[{"href":"https:\/\/tucomarca.whitekongsoftware.com\/ca\/wp-json\/wp\/v2\/posts\/133934","targetHints":{"allow":["GET"]}}],"collection":[{"href":"https:\/\/tucomarca.whitekongsoftware.com\/ca\/wp-json\/wp\/v2\/posts"}],"about":[{"href":"https:\/\/tucomarca.whitekongsoftware.com\/ca\/wp-json\/wp\/v2\/types\/post"}],"author":[{"embeddable":true,"href":"https:\/\/tucomarca.whitekongsoftware.com\/ca\/wp-json\/wp\/v2\/users\/1"}],"replies":[{"embeddable":true,"href":"https:\/\/tucomarca.whitekongsoftware.com\/ca\/wp-json\/wp\/v2\/comments?post=133934"}],"version-history":[{"count":0,"href":"https:\/\/tucomarca.whitekongsoftware.com\/ca\/wp-json\/wp\/v2\/posts\/133934\/revisions"}],"wp:featuredmedia":[{"embeddable":true,"href":"https:\/\/tucomarca.whitekongsoftware.com\/ca\/wp-json\/wp\/v2\/media\/133930"}],"wp:attachment":[{"href":"https:\/\/tucomarca.whitekongsoftware.com\/ca\/wp-json\/wp\/v2\/media?parent=133934"}],"wp:term":[{"taxonomy":"category","embeddable":true,"href":"https:\/\/tucomarca.whitekongsoftware.com\/ca\/wp-json\/wp\/v2\/categories?post=133934"},{"taxonomy":"post_tag","embeddable":true,"href":"https:\/\/tucomarca.whitekongsoftware.com\/ca\/wp-json\/wp\/v2\/tags?post=133934"}],"curies":[{"name":"wp","href":"https:\/\/api.w.org\/{rel}","templated":true}]}}