{"id":133901,"date":"2021-05-27T13:00:00","date_gmt":"2021-05-27T12:00:00","guid":{"rendered":"http:\/\/www.tucomarca.com\/wordpress\/segunda\/?p=133901"},"modified":"2021-05-27T20:18:35","modified_gmt":"2021-05-27T19:18:35","slug":"el-festival-viure-de-cinema-de-bunyol-2021-continua-aquesta-vesprada-amb-la-projeccio-de-el-pare","status":"publish","type":"post","link":"https:\/\/tucomarca.whitekongsoftware.com\/ca\/el-festival-viure-de-cinema-de-bunyol-2021-continua-aquesta-vesprada-amb-la-projeccio-de-el-pare\/","title":{"rendered":"El festival Viure de Cinema de Bunyol 2021 continua aquesta vesprada amb la projecci\u00f3 de \u201cEl pare\u201d"},"content":{"rendered":"\n<p class=\"wp-block-paragraph\">En aquesta edici\u00f3 que arriba fins al 22 de juny s&#8217;estan projectant les millors pel\u00b7l\u00edcules premiades a nivell nacional i internacional tots els dijous de manera alterna en els dos teatres del municipi a les 20h. La setmana passada va ser el torn de la oscarizada \u201cNomadland\u201d.<br><br>La Regidoria de Cultura de l&#8217;Ajuntament de Bu\u00f1ol recorda el seu Festival Viure de Cinema. Aquesta edici\u00f3 2021 es ret homenatge a l&#8217;Any Berlanga. En horari vespert\u00ed, a les 20h, i en tots dos teatres locals: Palacio de la M\u00fasica i Teatre Montecarlo, s&#8217;estan projectant pel\u00b7l\u00edcules per a tots els gustos. L&#8217;\u00faltim dia, el 22 de juny, coincidint amb la nit m\u00e9s curta de l&#8217;any, es projectar\u00e0 una selecci\u00f3 de curts de la Filmoteca Valenciana en una vetlada anomenada \u201cLa nit m\u00e9s curta\u201d. Aquest \u00faltim ser\u00e0 a la Sala El Mercat. El preu de cada sessi\u00f3 tots els dijous ser\u00e0 de 3 euros. L&#8217;\u00faltim i la clausura del cicle es podr\u00e0 accedir amb entrada gratu\u00efta.<\/p>\n\n\n\n<p class=\"wp-block-paragraph\">De moment s&#8217;han projectat ja grans pel\u00b7l\u00edcules del panorama nacional i internacional com \u201cLes Noces de Rosa\u201d, \u201cUna altra ronda\u201d o \u201cNomadland\u201d. Hui \u00e9s el torn de \u201cEl Pare\u201d en el Palau de la M\u00fasica. A un preu de tres euros pot veure&#8217;s el cinema en pantalla gran, alguna cosa que en els \u00faltims temps no s&#8217;ha pogut gaudir.&nbsp;<\/p>\n\n\n\n<p class=\"wp-block-paragraph\">Juan Luis Pall\u00e1s, regidor de Cultura a l&#8217;Ajuntament de Bu\u00f1ol, recorda que ja al juny, dijous que ve 3, en el Teatre Montecarlo, es podr\u00e0 veure \u201cLes xiquetes\u201d, i al seg\u00fcent dijous, \u201cUna jove prometedora\u201d. Despr\u00e9s ser\u00e0 la clausura del Viure de Cinema, el dijous 17 de juny, amb entrada gratu\u00efta, amb l&#8217;homenatge a Berlanga, i la projecci\u00f3 de la seua pel\u00b7l\u00edcula m\u00e9s coneguda \u201cEl botx\u00ed\u201d. Es finalitzar\u00e0 aquest cicle amb la selecci\u00f3 de curts de la Filmoteca Valenciana en \u201cLa Nit m\u00e9s curta\u201d. Aquest ser\u00e0 a la Sala El Mercat. Ser\u00e0 el 22 de juny.<\/p>\n\n\n\n<p class=\"wp-block-paragraph\">En la inauguraci\u00f3 d&#8217;aquest festival l&#8217;Alcaldessa de Bu\u00f1ol, Juncal Carrascosa, assegurava que en el nostre municipi, gr\u00e0cies a moments com aquest podem dir que \u00e9s un lloc per a \u201cViure de Cinema\u201d. \u201cNecessitem d&#8217;aquests moments culturals i emocionals per a recobrar la nostra normalitat i pujar l&#8217;\u00e0nim social, la qual cosa ens ajudar\u00e0, sens dubte, a superar els efectes psicol\u00f2gics negatius que ens ha deixat la pand\u00e8mia. Per aix\u00f2 \u00e0nim a tots i totes a gaudir del cinema cada dijous\u201d, va sentenciar Carrascosa.<\/p>\n\n\n\n<p class=\"wp-block-paragraph\"><\/p>\n","protected":false},"excerpt":{"rendered":"<div class=\"mh-excerpt\">En aquesta edici\u00f3 que arriba fins al 22 de juny s&#8217;estan projectant les millors pel\u00b7l\u00edcules premiades a nivell nacional i internacional tots els dijous de manera alterna en els dos teatres del municipi a les <a class=\"mh-excerpt-more\" href=\"https:\/\/tucomarca.whitekongsoftware.com\/ca\/el-festival-viure-de-cinema-de-bunyol-2021-continua-aquesta-vesprada-amb-la-projeccio-de-el-pare\/\" title=\"El festival Viure de Cinema de Bunyol 2021 continua aquesta vesprada amb la projecci\u00f3 de \u201cEl pare\u201d\">[+] <\/a><\/div>\n","protected":false},"author":12,"featured_media":131352,"comment_status":"open","ping_status":"open","sticky":false,"template":"","format":"standard","meta":{"footnotes":""},"categories":[10911,10894,10912,11007,10896],"tags":[10913,10914,14410],"class_list":["post-133901","post","type-post","status-publish","format-standard","has-post-thumbnail","category-bunol-ca","category-la-comarca-ca","category-la-hoya-ca","category-ocio-y-cultura-ca","category-seccion-ca","tag-bunol-ca","tag-la-hoya-de-bunol-chiva-ca","tag-vivir-de-cine-ca"],"_links":{"self":[{"href":"https:\/\/tucomarca.whitekongsoftware.com\/ca\/wp-json\/wp\/v2\/posts\/133901","targetHints":{"allow":["GET"]}}],"collection":[{"href":"https:\/\/tucomarca.whitekongsoftware.com\/ca\/wp-json\/wp\/v2\/posts"}],"about":[{"href":"https:\/\/tucomarca.whitekongsoftware.com\/ca\/wp-json\/wp\/v2\/types\/post"}],"author":[{"embeddable":true,"href":"https:\/\/tucomarca.whitekongsoftware.com\/ca\/wp-json\/wp\/v2\/users\/12"}],"replies":[{"embeddable":true,"href":"https:\/\/tucomarca.whitekongsoftware.com\/ca\/wp-json\/wp\/v2\/comments?post=133901"}],"version-history":[{"count":0,"href":"https:\/\/tucomarca.whitekongsoftware.com\/ca\/wp-json\/wp\/v2\/posts\/133901\/revisions"}],"wp:featuredmedia":[{"embeddable":true,"href":"https:\/\/tucomarca.whitekongsoftware.com\/ca\/wp-json\/wp\/v2\/media\/131352"}],"wp:attachment":[{"href":"https:\/\/tucomarca.whitekongsoftware.com\/ca\/wp-json\/wp\/v2\/media?parent=133901"}],"wp:term":[{"taxonomy":"category","embeddable":true,"href":"https:\/\/tucomarca.whitekongsoftware.com\/ca\/wp-json\/wp\/v2\/categories?post=133901"},{"taxonomy":"post_tag","embeddable":true,"href":"https:\/\/tucomarca.whitekongsoftware.com\/ca\/wp-json\/wp\/v2\/tags?post=133901"}],"curies":[{"name":"wp","href":"https:\/\/api.w.org\/{rel}","templated":true}]}}