{"id":133866,"date":"2021-05-27T09:45:00","date_gmt":"2021-05-27T08:45:00","guid":{"rendered":"http:\/\/www.tucomarca.com\/wordpress\/segunda\/?p=133866"},"modified":"2021-05-27T11:12:54","modified_gmt":"2021-05-27T10:12:54","slug":"lajuntament-de-sant-antoni-de-benaixeve-signa-el-contracte-amb-lempresa-constructora-del-nou-ceip-de-montesano","status":"publish","type":"post","link":"https:\/\/tucomarca.whitekongsoftware.com\/ca\/lajuntament-de-sant-antoni-de-benaixeve-signa-el-contracte-amb-lempresa-constructora-del-nou-ceip-de-montesano\/","title":{"rendered":"L\u2019Ajuntament de Sant Antoni de Benaixeve signa el contracte amb l\u2019empresa constructora del nou CEIP de Montesano"},"content":{"rendered":"\n<h4 class=\"wp-block-heading\">La construcci\u00f3 del centre s\u2019executar\u00e0 en 13 meses i les obres comen\u00e7aran el pr\u00f2xim mes de juny<\/h4>\n\n\n\n<p class=\"wp-block-paragraph\">Ahir, 26 de maig, va tindre lloc la signatura del contracte entre l&#8217;Ajuntament de Sant Antoni de Benaixeve i l&#8217;empresa encarregada de construir el nou CEIP en Montesano, l&#8217;UTE Ceviam EPC SL i Joca Ingenier\u00eda y Construcciones S.A. Despr\u00e9s de la formalitzaci\u00f3 del contracte, diversos membres de la corporaci\u00f3 local i el representant de la UTE van acudir a les parcel\u00b7les on s\u2019ubicar\u00e0 el nou centre educatiu.<\/p>\n\n\n\n<p class=\"wp-block-paragraph\">Aix\u00ed, el mes de juny comen\u00e7aran les obres de construcci\u00f3 del col\u00b7legi p\u00fablic, que haur\u00e0 d&#8217;estar concl\u00f2s en un termini de 13 mesos. El preu del contracte ha sigut de 5.023.957,33 euros (IVA incl\u00f2s), i s&#8217;emmarca dins del Pla Edificant de Conselleria d&#8217;Educaci\u00f3.<\/p>\n\n\n\n<p class=\"wp-block-paragraph\">La construcci\u00f3 del nou col\u00b7legi p\u00fablic permetr\u00e0 descongestionar el CEIP 8 d&#8217;abril, aix\u00ed com garantir que tots els xiquets i xiquetes del municipi tinguen la seua pla\u00e7a escolar, davant el creixement exponencial de la poblaci\u00f3 de Sant Antoni, especialment la infantil.<\/p>\n\n\n\n<p class=\"wp-block-paragraph\">La signatura del contracte i el conseg\u00fcent inici de les obres suposen culminar un projecte molt demandat, tant per la poblaci\u00f3 com pel consistori mateix.\u201cEs tracta d&#8217;un dia hist\u00f2ric per al nostre municipi despr\u00e9s de m\u00e9s de 6 anys lluitant per aquest projecte\u201d assenyala l&#8217;alcalde, Quique Santafosta. \u201cPer fi dotarem Sant Antoni de Benaixeve d&#8217;una de les infraestructures que m\u00e9s necessita i mereix. I amb aix\u00f2 fem un altre pas m\u00e9s perqu\u00e8 la nostra localitat estiga en el m\u00e9s alt de la comarca de Camp de T\u00faria\u201d.<\/p>\n\n\n\n<p class=\"wp-block-paragraph\"><\/p>\n","protected":false},"excerpt":{"rendered":"<div class=\"mh-excerpt\">La construcci\u00f3 del centre s\u2019executar\u00e0 en 13 meses i les obres comen\u00e7aran el pr\u00f2xim mes de juny Ahir, 26 de maig, va tindre lloc la signatura del contracte entre l&#8217;Ajuntament de Sant Antoni de Benaixeve <a class=\"mh-excerpt-more\" href=\"https:\/\/tucomarca.whitekongsoftware.com\/ca\/lajuntament-de-sant-antoni-de-benaixeve-signa-el-contracte-amb-lempresa-constructora-del-nou-ceip-de-montesano\/\" title=\"L\u2019Ajuntament de Sant Antoni de Benaixeve signa el contracte amb l\u2019empresa constructora del nou CEIP de Montesano\">[+] <\/a><\/div>\n","protected":false},"author":12,"featured_media":133864,"comment_status":"open","ping_status":"open","sticky":false,"template":"","format":"standard","meta":{"footnotes":""},"categories":[10892,10948,10894,10947,10934,10896],"tags":[10899,14663,11147],"class_list":["post-133866","post","type-post","status-publish","format-standard","has-post-thumbnail","category-camp-de-turia-ca","category-infraestructuras-ca","category-la-comarca-ca","category-politica","category-san-antonio-de-benageber-ca","category-seccion-ca","tag-camp-de-turia-ca","tag-ceip-de-montesano-ca","tag-san-antoni-de-benageber"],"_links":{"self":[{"href":"https:\/\/tucomarca.whitekongsoftware.com\/ca\/wp-json\/wp\/v2\/posts\/133866","targetHints":{"allow":["GET"]}}],"collection":[{"href":"https:\/\/tucomarca.whitekongsoftware.com\/ca\/wp-json\/wp\/v2\/posts"}],"about":[{"href":"https:\/\/tucomarca.whitekongsoftware.com\/ca\/wp-json\/wp\/v2\/types\/post"}],"author":[{"embeddable":true,"href":"https:\/\/tucomarca.whitekongsoftware.com\/ca\/wp-json\/wp\/v2\/users\/12"}],"replies":[{"embeddable":true,"href":"https:\/\/tucomarca.whitekongsoftware.com\/ca\/wp-json\/wp\/v2\/comments?post=133866"}],"version-history":[{"count":0,"href":"https:\/\/tucomarca.whitekongsoftware.com\/ca\/wp-json\/wp\/v2\/posts\/133866\/revisions"}],"wp:featuredmedia":[{"embeddable":true,"href":"https:\/\/tucomarca.whitekongsoftware.com\/ca\/wp-json\/wp\/v2\/media\/133864"}],"wp:attachment":[{"href":"https:\/\/tucomarca.whitekongsoftware.com\/ca\/wp-json\/wp\/v2\/media?parent=133866"}],"wp:term":[{"taxonomy":"category","embeddable":true,"href":"https:\/\/tucomarca.whitekongsoftware.com\/ca\/wp-json\/wp\/v2\/categories?post=133866"},{"taxonomy":"post_tag","embeddable":true,"href":"https:\/\/tucomarca.whitekongsoftware.com\/ca\/wp-json\/wp\/v2\/tags?post=133866"}],"curies":[{"name":"wp","href":"https:\/\/api.w.org\/{rel}","templated":true}]}}