{"id":133862,"date":"2021-05-27T09:25:00","date_gmt":"2021-05-27T08:25:00","guid":{"rendered":"http:\/\/www.tucomarca.com\/wordpress\/segunda\/?p=133862"},"modified":"2021-05-27T10:43:55","modified_gmt":"2021-05-27T09:43:55","slug":"csif-alerta-que-els-cessaments-de-contractes-covid-deixaran-sense-zelador-a-la-unitat-de-reanimacio-de-lhospital-de-la-ribera","status":"publish","type":"post","link":"https:\/\/tucomarca.whitekongsoftware.com\/ca\/csif-alerta-que-els-cessaments-de-contractes-covid-deixaran-sense-zelador-a-la-unitat-de-reanimacio-de-lhospital-de-la-ribera\/","title":{"rendered":"CSIF alerta que els cessaments de contractes covid deixaran sense zelador a la unitat de reanimaci\u00f3 de l&#8217;hospital de la Ribera"},"content":{"rendered":"\n<p class=\"wp-block-paragraph\">El sindicat CSIF adverteix que el cessament de 148 professionals el pr\u00f2xim 31 de maig pels denominats contractes covid en el departament de salut de la Ribera provocar\u00e0 que la unitat de reanimaci\u00f3 de l&#8217;hospital es quede sense zeladors a partir de l&#8217;1 de juny. La central sindical ja ha sol\u00b7licitat a la Direcci\u00f3 d&#8217;Infermeria del departament de salut que \u201creconsidere aquesta acci\u00f3\u201d i li avisa de la \u201ccomplexitat dels pacients ingressats\u201d.<\/p>\n\n\n\n<p class=\"wp-block-paragraph\">La Central Sindical Independiente y de Funcionarios (CSIF) explica que la unidad de reanimaci\u00f3n, con cinco camas, tiene como objetivo el cuidado de pacientes que han sufrido intervenciones quir\u00fargicas delicadas, de manera que descarga a la UCI, saturada durante las olas de la pandemia. En la actualidad, por ejemplo, la denominada REA cuenta con tres pacientes ingresados.<\/p>\n\n\n\n<p class=\"wp-block-paragraph\">El sindicato contin\u00faa relatando que durante estos meses la citada unidad ha sido atendida por celadores las 24 horas del d\u00eda. No obstante, el cese de hasta 32 celadores en el departamento ha provocado que otras unidades pierdan efectivos, por lo que la direcci\u00f3n ha decidido devolver a esos cinco celadores a sus unidades de origen y dejar \u00fanicamente la REA con un celador de apoyo, es decir, un profesional destinado a otra unidad que eventualmente podr\u00eda atender a la de reanimaci\u00f3n.<\/p>\n\n\n\n<p class=\"wp-block-paragraph\">El sindicato CSIF ha advertido por escrito a la Direcci\u00f3n del departamento de que \u201cesto supone un paso atr\u00e1s en la atenci\u00f3n de la unidad. La complejidad de los pacientes ingresados en REA requiere de personal celador pendiente de ellos en todo momento, al igual que de profesionales de medicina y enfermer\u00eda\u201d. Por ese motivo la central sindical urge a \u201creconsiderar dicha acci\u00f3n y a dejar la citada unidad con el personal necesario para su buen funcionamiento, tal como est\u00e1 en la actualidad\u201d.<\/p>\n","protected":false},"excerpt":{"rendered":"<div class=\"mh-excerpt\">El sindicat CSIF adverteix que el cessament de 148 professionals el pr\u00f2xim 31 de maig pels denominats contractes covid en el departament de salut de la Ribera provocar\u00e0 que la unitat de reanimaci\u00f3 de l&#8217;hospital <a class=\"mh-excerpt-more\" href=\"https:\/\/tucomarca.whitekongsoftware.com\/ca\/csif-alerta-que-els-cessaments-de-contractes-covid-deixaran-sense-zelador-a-la-unitat-de-reanimacio-de-lhospital-de-la-ribera\/\" title=\"CSIF alerta que els cessaments de contractes covid deixaran sense zelador a la unitat de reanimaci\u00f3 de l&#8217;hospital de la Ribera\">[+] <\/a><\/div>\n","protected":false},"author":1,"featured_media":71332,"comment_status":"open","ping_status":"open","sticky":false,"template":"","format":"standard","meta":{"footnotes":""},"categories":[10889,11010,12202,10898,10948,10894,10904,10902,10947,10896,10897],"tags":[11192,11939,11940,11077,13963,13932],"class_list":["post-133862","post","type-post","status-publish","format-standard","has-post-thumbnail","category-alzira-cat","category-canal-salud","category-covid-19-ca","category-ventana-ca","category-infraestructuras-ca","category-la-comarca-ca","category-sin-categorizar-ca","category-la-ribera-ca","category-politica","category-seccion-ca","category-sucesos-la-comarca-ca","tag-alzira-ca","tag-coronavirus-ca","tag-covid-19-ca","tag-la-ribera-alta-ca","tag-vacunacion-ca","tag-vacunas-ca"],"_links":{"self":[{"href":"https:\/\/tucomarca.whitekongsoftware.com\/ca\/wp-json\/wp\/v2\/posts\/133862","targetHints":{"allow":["GET"]}}],"collection":[{"href":"https:\/\/tucomarca.whitekongsoftware.com\/ca\/wp-json\/wp\/v2\/posts"}],"about":[{"href":"https:\/\/tucomarca.whitekongsoftware.com\/ca\/wp-json\/wp\/v2\/types\/post"}],"author":[{"embeddable":true,"href":"https:\/\/tucomarca.whitekongsoftware.com\/ca\/wp-json\/wp\/v2\/users\/1"}],"replies":[{"embeddable":true,"href":"https:\/\/tucomarca.whitekongsoftware.com\/ca\/wp-json\/wp\/v2\/comments?post=133862"}],"version-history":[{"count":0,"href":"https:\/\/tucomarca.whitekongsoftware.com\/ca\/wp-json\/wp\/v2\/posts\/133862\/revisions"}],"wp:featuredmedia":[{"embeddable":true,"href":"https:\/\/tucomarca.whitekongsoftware.com\/ca\/wp-json\/wp\/v2\/media\/71332"}],"wp:attachment":[{"href":"https:\/\/tucomarca.whitekongsoftware.com\/ca\/wp-json\/wp\/v2\/media?parent=133862"}],"wp:term":[{"taxonomy":"category","embeddable":true,"href":"https:\/\/tucomarca.whitekongsoftware.com\/ca\/wp-json\/wp\/v2\/categories?post=133862"},{"taxonomy":"post_tag","embeddable":true,"href":"https:\/\/tucomarca.whitekongsoftware.com\/ca\/wp-json\/wp\/v2\/tags?post=133862"}],"curies":[{"name":"wp","href":"https:\/\/api.w.org\/{rel}","templated":true}]}}