{"id":133825,"date":"2021-05-25T19:40:00","date_gmt":"2021-05-25T18:40:00","guid":{"rendered":"http:\/\/www.tucomarca.com\/wordpress\/segunda\/?p=133825"},"modified":"2021-05-26T20:06:42","modified_gmt":"2021-05-26T19:06:42","slug":"adaptt-21-obri-el-termini-dinscripcio-per-a-la-ii-edicio-del-curs-de-guies-acompanyants-terra-boval","status":"publish","type":"post","link":"https:\/\/tucomarca.whitekongsoftware.com\/ca\/adaptt-21-obri-el-termini-dinscripcio-per-a-la-ii-edicio-del-curs-de-guies-acompanyants-terra-boval\/","title":{"rendered":"ADAPT@+T 21 obri el termini d&#8217;inscripci\u00f3 per a la II Edici\u00f3 del Curs de Guies Acompanyants Terra Boval"},"content":{"rendered":"\n<h4 class=\"wp-block-heading\">La proposta formativa, que va n\u00e0ixer dins del Projecte Experimental d&#8217;Ocupaci\u00f3 ADAPT@+T 20, llan\u00e7a ara una nova edici\u00f3 despr\u00e9s de l&#8217;\u00e8xit obtingut l&#8217;any passat<\/h4>\n\n\n\n<h4 class=\"wp-block-heading\">Destinat a formar a persones en els recursos i possibilitats tur\u00edstiques de la marca de dest\u00ed Terra Boval, el curs ofereix l&#8217;oportunitat de desenvolupar-se professionalment en el sector tur\u00edstic de la comarca<\/h4>\n\n\n\n<p class=\"wp-block-paragraph\">Despr\u00e9s de l&#8217;\u00e8xit de la primera edici\u00f3 del \u201cCurs de Guies Acompanyants Terra Boval\u201d, en la qual una vintena de persones van obtindre el seu certificat d&#8217;especialitzaci\u00f3 en els atractius tur\u00edstics del territori, s&#8217;obri ara el termini d&#8217;inscripci\u00f3 a la II Edici\u00f3 dins del Projecte Experimental d&#8217;Ocupaci\u00f3 ADAPT@+T 21.<br>El curs es desenvolupar\u00e0 durant 160 hores de formaci\u00f3, del 14 de juny al 27 de setembre en horari de dilluns, dimarts i dijous, de 9.30 a 13.30 hores. La c\u00e0rrega lectiva es repartir\u00e0 al 50% entre classes te\u00f2riques i pr\u00e0ctiques, en modalitat semipresencial. La teoria s&#8217;impartir\u00e0 a trav\u00e9s de videoconfer\u00e8ncies i les pr\u00e0ctiques es realitzaran de manera presencial, amb visites de camp als diferents recursos.<br>Tots els continguts del curs estan relacionats amb el potencial tur\u00edstic de la marca de dest\u00ed Terra Boval i els seus recursos naturals, culturals i de enoturisme. Inclou formaci\u00f3 en habilitats en comunicaci\u00f3 i conducci\u00f3 de grups. a m\u00e9s de tractar aspectes generals del sector com a t\u00e8cniques i estrat\u00e8gies b\u00e0siques d&#8217;atenci\u00f3 a turistes i visitants, organitzaci\u00f3 de grups i elaboraci\u00f3 d&#8217;itineraris interpretatius.&nbsp;<br>El curs compta amb 20 places disponibles, preferentment per a persones en situaci\u00f3 de desocupaci\u00f3. Els interessats a realitzar aquesta formaci\u00f3 han d&#8217;inscriure&#8217;s a trav\u00e9s del seg\u00fcent formulari (fins al 31 de maig): https:\/\/www.tierradelvino.es\/content\/inscripcion-curso-guias-2&nbsp;<br>Despr\u00e9s de la finalitzaci\u00f3 d&#8217;aquesta II Edici\u00f3 es constituir\u00e0 una borsa d&#8217;ocupaci\u00f3 per a respondre a les necessitats laborals del sector tur\u00edstic comarcal, a m\u00e9s de poder emprendre en el sector.<\/p>\n\n\n\n<p class=\"wp-block-paragraph\"><\/p>\n","protected":false},"excerpt":{"rendered":"<div class=\"mh-excerpt\">La proposta formativa, que va n\u00e0ixer dins del Projecte Experimental d&#8217;Ocupaci\u00f3 ADAPT@+T 20, llan\u00e7a ara una nova edici\u00f3 despr\u00e9s de l&#8217;\u00e8xit obtingut l&#8217;any passat Destinat a formar a persones en els recursos i possibilitats tur\u00edstiques <a class=\"mh-excerpt-more\" href=\"https:\/\/tucomarca.whitekongsoftware.com\/ca\/adaptt-21-obri-el-termini-dinscripcio-per-a-la-ii-edicio-del-curs-de-guies-acompanyants-terra-boval\/\" title=\"ADAPT@+T 21 obri el termini d&#8217;inscripci\u00f3 per a la II Edici\u00f3 del Curs de Guies Acompanyants Terra Boval\">[+] <\/a><\/div>\n","protected":false},"author":12,"featured_media":133821,"comment_status":"open","ping_status":"open","sticky":false,"template":"","format":"standard","meta":{"footnotes":""},"categories":[10905,11030,11031,11032,11054,11055,10948,10894,11056,10947,10908,10909,11057,10896,11058,11059,11060,11061],"tags":[12747,11905,12721],"class_list":["post-133825","post","type-post","status-publish","format-standard","has-post-thumbnail","category-agricultura-la-comarca-ca","category-campo-arcis-ca","category-camporrobles-ca","category-caudete-ca","category-chera-ca","category-fuenterrobles-ca","category-infraestructuras-ca","category-la-comarca-ca","category-las-cuevas-ca","category-politica","category-requena-ca","category-requena-utiel-ca","category-san-antonio-ca","category-seccion-ca","category-sinarcas-ca","category-utiel-ca","category-venta-del-moro-ca","category-villargordo-del-cabriel-ca","tag-do-utiel-requena-ca","tag-mancomunidad-tierra-del-vino-ca","tag-ruta-vino-utiel-requena-ca"],"_links":{"self":[{"href":"https:\/\/tucomarca.whitekongsoftware.com\/ca\/wp-json\/wp\/v2\/posts\/133825","targetHints":{"allow":["GET"]}}],"collection":[{"href":"https:\/\/tucomarca.whitekongsoftware.com\/ca\/wp-json\/wp\/v2\/posts"}],"about":[{"href":"https:\/\/tucomarca.whitekongsoftware.com\/ca\/wp-json\/wp\/v2\/types\/post"}],"author":[{"embeddable":true,"href":"https:\/\/tucomarca.whitekongsoftware.com\/ca\/wp-json\/wp\/v2\/users\/12"}],"replies":[{"embeddable":true,"href":"https:\/\/tucomarca.whitekongsoftware.com\/ca\/wp-json\/wp\/v2\/comments?post=133825"}],"version-history":[{"count":0,"href":"https:\/\/tucomarca.whitekongsoftware.com\/ca\/wp-json\/wp\/v2\/posts\/133825\/revisions"}],"wp:featuredmedia":[{"embeddable":true,"href":"https:\/\/tucomarca.whitekongsoftware.com\/ca\/wp-json\/wp\/v2\/media\/133821"}],"wp:attachment":[{"href":"https:\/\/tucomarca.whitekongsoftware.com\/ca\/wp-json\/wp\/v2\/media?parent=133825"}],"wp:term":[{"taxonomy":"category","embeddable":true,"href":"https:\/\/tucomarca.whitekongsoftware.com\/ca\/wp-json\/wp\/v2\/categories?post=133825"},{"taxonomy":"post_tag","embeddable":true,"href":"https:\/\/tucomarca.whitekongsoftware.com\/ca\/wp-json\/wp\/v2\/tags?post=133825"}],"curies":[{"name":"wp","href":"https:\/\/api.w.org\/{rel}","templated":true}]}}