{"id":133750,"date":"2021-05-26T09:30:00","date_gmt":"2021-05-26T08:30:00","guid":{"rendered":"http:\/\/www.tucomarca.com\/wordpress\/segunda\/?p=133750"},"modified":"2021-05-26T13:57:57","modified_gmt":"2021-05-26T12:57:57","slug":"bunyol-llanca-lescola-multiesport-del-28-de-juny-al-30-de-juliol-en-les-installacions-esportives-municipals","status":"publish","type":"post","link":"https:\/\/tucomarca.whitekongsoftware.com\/ca\/bunyol-llanca-lescola-multiesport-del-28-de-juny-al-30-de-juliol-en-les-installacions-esportives-municipals\/","title":{"rendered":"Bunyol llan\u00e7a l&#8217;Escola multiesport del 28 de juny al 30 de juliol en les instal\u00b7lacions esportives municipals"},"content":{"rendered":"\n<p class=\"wp-block-paragraph\">L&#8217;Associaci\u00f3 Bunyol \u00e9s Esport informa de l&#8217;Escola multiesport per a aquest estiu. Tindr\u00e0 lloc en les instal\u00b7lacions esportives municipals del 28 de juny al 30 de juliol. Est\u00e0 destinat per a xiquets nascuts entre 2007 i 2016 en horari de 9 a 14h. El preu per setmana \u00e9s de 45\u20ac. Tots els interessats poden visitar la web www.bunyolesdeporte.com<\/p>\n\n\n\n<p class=\"wp-block-paragraph\">La Regidoria d&#8217;Esports de l&#8217;Ajuntament de Bunyol juntament amb Bunyol \u00e9s Esport han llan\u00e7at aquesta escola multiesport aquest estiu en la localitat. Es practicaran diversos esports al llarg de les cinc setmanes que es desenvolupa aquesta escola. S\u00f3n esports que es practiquen per les escoles dels clubs esportius del municipi: frontenis, futbol sala, patinatge, p\u00e0del, tennis de taula, orientaci\u00f3, atletisme, b\u00e0squet, tennis, excursions, b\u00e0dminton, escalada, handbol i tir amb arc.<\/p>\n\n\n\n<p class=\"wp-block-paragraph\">V\u00edctor S\u00e1nchez, coordinador de Bunyol \u00e9s Esport, ha confirmat que en tot moment se seguiran els protocols anti-Covid19 pel fet que els grups no s\u00f3n nombrosos, es practica l&#8217;esport a l&#8217;aire lliure o en les instal\u00b7lacions esportives municipals, que s\u00f3n molt \u00e0mplies, i en tot moment es desinfecten.&nbsp;<\/p>\n\n\n\n<p class=\"wp-block-paragraph\">El preu per setmana \u00e9s de 45\u20ac per xiquet i s&#8217;aplica un descompte de 5\u20ac al segon germ\u00e0 que s&#8217;inscriga. Les inscripcions ja estan obertes. Poden realitzar-se a trav\u00e9s de la web www.bunyolesdeporte.com. L&#8217;horari d&#8217;entrada \u00e9s de 9 a 9.30h, i el d&#8217;eixida, de 13.30 a 14h, per a poder acoblar-se a les necessitats de cada fam\u00edlia.&nbsp;<\/p>\n\n\n\n<p class=\"wp-block-paragraph\">\u201cEntenem que els xiquets han de continuar practicant esport a l&#8217;estiu, a m\u00e9s de relacionar-se socialment fins i tot amb altres xiquets d&#8217;altres col\u00b7legis, a m\u00e9s de con\u00e9ixer altres disciplines esportives que durant el curs no practiquen amb assidu\u00eftat; sense oblidar que d&#8217;aquesta manera tamb\u00e9 ajudem les fam\u00edlies a poder compatibilitzar la vida laboral en els mesos d&#8217;estiu. Es respectaran en tot moment les mesures sanit\u00e0ries vigents\u201d, va finalitzar S\u00e1nchez.&nbsp;<\/p>\n\n\n\n<p class=\"wp-block-paragraph\">Aquesta escola compta amb la col\u00b7laboraci\u00f3 de la Regidoria d&#8217;Esports de l&#8217;Ajuntament de Bunyol.<\/p>\n\n\n\n<p class=\"wp-block-paragraph\"><\/p>\n","protected":false},"excerpt":{"rendered":"<div class=\"mh-excerpt\">L&#8217;Associaci\u00f3 Bunyol \u00e9s Esport informa de l&#8217;Escola multiesport per a aquest estiu. Tindr\u00e0 lloc en les instal\u00b7lacions esportives municipals del 28 de juny al 30 de juliol. Est\u00e0 destinat per a xiquets nascuts entre 2007 <a class=\"mh-excerpt-more\" href=\"https:\/\/tucomarca.whitekongsoftware.com\/ca\/bunyol-llanca-lescola-multiesport-del-28-de-juny-al-30-de-juliol-en-les-installacions-esportives-municipals\/\" title=\"Bunyol llan\u00e7a l&#8217;Escola multiesport del 28 de juny al 30 de juliol en les instal\u00b7lacions esportives municipals\">[+] <\/a><\/div>\n","protected":false},"author":12,"featured_media":133749,"comment_status":"open","ping_status":"open","sticky":false,"template":"","format":"standard","meta":{"footnotes":""},"categories":[11019,10911,11003,10894,10912,11009,10896],"tags":[10913,14066,14658,10914],"class_list":["post-133750","post","type-post","status-publish","format-standard","has-post-thumbnail","category-agenda-ca","category-bunol-ca","category-sports","category-la-comarca-ca","category-la-hoya-ca","category-polideportivo-ca","category-seccion-ca","tag-bunol-ca","tag-bunol-es-deporte-ca","tag-escuela-multideporte-ca","tag-la-hoya-de-bunol-chiva-ca"],"_links":{"self":[{"href":"https:\/\/tucomarca.whitekongsoftware.com\/ca\/wp-json\/wp\/v2\/posts\/133750","targetHints":{"allow":["GET"]}}],"collection":[{"href":"https:\/\/tucomarca.whitekongsoftware.com\/ca\/wp-json\/wp\/v2\/posts"}],"about":[{"href":"https:\/\/tucomarca.whitekongsoftware.com\/ca\/wp-json\/wp\/v2\/types\/post"}],"author":[{"embeddable":true,"href":"https:\/\/tucomarca.whitekongsoftware.com\/ca\/wp-json\/wp\/v2\/users\/12"}],"replies":[{"embeddable":true,"href":"https:\/\/tucomarca.whitekongsoftware.com\/ca\/wp-json\/wp\/v2\/comments?post=133750"}],"version-history":[{"count":0,"href":"https:\/\/tucomarca.whitekongsoftware.com\/ca\/wp-json\/wp\/v2\/posts\/133750\/revisions"}],"wp:featuredmedia":[{"embeddable":true,"href":"https:\/\/tucomarca.whitekongsoftware.com\/ca\/wp-json\/wp\/v2\/media\/133749"}],"wp:attachment":[{"href":"https:\/\/tucomarca.whitekongsoftware.com\/ca\/wp-json\/wp\/v2\/media?parent=133750"}],"wp:term":[{"taxonomy":"category","embeddable":true,"href":"https:\/\/tucomarca.whitekongsoftware.com\/ca\/wp-json\/wp\/v2\/categories?post=133750"},{"taxonomy":"post_tag","embeddable":true,"href":"https:\/\/tucomarca.whitekongsoftware.com\/ca\/wp-json\/wp\/v2\/tags?post=133750"}],"curies":[{"name":"wp","href":"https:\/\/api.w.org\/{rel}","templated":true}]}}