{"id":133741,"date":"2021-05-26T08:00:00","date_gmt":"2021-05-26T07:00:00","guid":{"rendered":"http:\/\/www.tucomarca.com\/wordpress\/segunda\/?p=133741"},"modified":"2021-05-26T17:41:49","modified_gmt":"2021-05-26T16:41:49","slug":"mes-de-50-persones-sinscriuen-en-la-i-jornada-literaria-castillo-de-bunyol-daquest-dissabte","status":"publish","type":"post","link":"https:\/\/tucomarca.whitekongsoftware.com\/ca\/mes-de-50-persones-sinscriuen-en-la-i-jornada-literaria-castillo-de-bunyol-daquest-dissabte\/","title":{"rendered":"M\u00e9s de 50 persones s&#8217;inscriuen en la I Jornada Liter\u00e0ria \u201cCastillo de Bunyol\u201d d&#8217;aquest dissabte"},"content":{"rendered":"\n<p class=\"wp-block-paragraph\">Els escriptors, poetes i cr\u00edtics participants en aquesta jornada s\u00f3n Mar\u00eda Garc\u00eda-Lliber\u00f3s, Ana Noguera, Jaime Mill\u00e1s, Jos\u00e9 Vicente Peir\u00f3, Juan Luis Bedins, Luis Garc\u00eda Trapiello, Elga Re\u00e1tegui, Isabel Barcel\u00f3 i Rosario Raro. Un nodrit grup d&#8217;escriptors, poetes i cr\u00edtics literaris de reconegut prestigi amb nombrosos premis literaris nacionals i internacionals.<br><br>La Regidoria de Cultura de l&#8217;Ajuntament de Bunyol i CLAU (Associaci\u00f3 Valenciana d&#8217;Escriptors i cr\u00edtics valencians) organitza la I Jornada Liter\u00e0ria \u201cCastillo de Bu\u00f1ol\u201d &#8211; \u201cViatge a la Literatura del Segle XXI a la Comunitat Valenciana\u201d-. Aquest acte tindr\u00e0 lloc tot el dia del dissabte 29 de maig a l&#8217;Auditori de Sant Llu\u00eds, el Palau de la M\u00fasica i el Castell.&nbsp;<\/p>\n\n\n\n<p class=\"wp-block-paragraph\">Emi Zan\u00f3n, escriptora bunyolense, i col\u00b7laboradora activa d&#8217;aquesta jornada, ent\u00e9n que marcar\u00e0 un abans i un despr\u00e9s en el municipi: \u201cen el localitat comptarem amb un excel\u00b7lent grup d&#8217;escriptors, cr\u00edtics, poetes i amants de la lectura que s&#8217;uneixen per a xarrar, debatre i con\u00e9ixer en profunditat la literatura del nostre segle a la Comunitat Valenciana; una cosa inusual en aquest municipi, per\u00f2 que no compta amb cap precedent en tota la nostra autonomia. \u00c9s una cosa molt nova, que malgrat la pand\u00e8mia, el grau d&#8217;inter\u00e9s \u00e9s immens perqu\u00e8 comptem amb m\u00e9s d&#8217;un centenar d&#8217;inscrits per a poder assistir als actes del mat\u00ed. A la vesprada, a partir de les 18.30h tot el poble est\u00e0 convidat a vindre a l&#8217;Auditori de Sant Llu\u00eds i poder con\u00e9ixer de prop la gran quantitat d&#8217;obres escrites per bunyolenses i con\u00e9ixer a grans figures de la literatura actual\u201d.<\/p>\n\n\n\n<p class=\"wp-block-paragraph\">Juan Luis Pall\u00e1s, regidor de Cultura de l&#8217;Ajuntament de Bunyol, s&#8217;ha mostrat molt satisfet per l&#8217;organitzaci\u00f3 de tota la jornada, per\u00f2 especialment amb la &#8220;Trobada amb escriptors i poetes&#8221;&nbsp;de la localitat, a m\u00e9s de l&#8217;I Premi Literari \u201cDia de Llibre\u201d\u201d. Sent\u00e8ncia confirmant que aquesta jornada puga quedar-se com un dels esdeveniments culturals del nostre municipi en els pr\u00f2xims anys.&nbsp;<\/p>\n\n\n\n<p class=\"wp-block-paragraph\">Durant tota aquesta jornada la r\u00e0dio municipal estar\u00e0 cobrint l&#8217;esdeveniment, per\u00f2 a la vesprada la retransmissi\u00f3 ser\u00e0 en directe a trav\u00e9s de Facebook, les webs tv.bu\u00f1ol.es i radiotv.bu\u00f1ol.es, i en la 107.9 fm.<\/p>\n\n\n\n<p class=\"wp-block-paragraph\">Aquesta jornada arranca a les 10h amb la recepci\u00f3 i lliurament d&#8217;acreditacions en la Pla\u00e7a d&#8217;Armes i finalitza a les 20.30h amb el lliurament de l&#8217;I Premi Literari \u201cDia del Llibre 2021\u201d. Mentrestant hi ha confer\u00e8ncies, taller d&#8217;escriptura, taula redona, trobada amb escriptors i poetes, m\u00fasica i poesia, visita tur\u00edstica i menjar en el restaurant situat en el Passeig de Sant Llu\u00eds. Aquests actes es desenvoluparan en diversos enclavaments de la localitat com el Palau de la M\u00fasica, el Castell de Bu\u00f1ol i l&#8217;Auditori Municipal de Sant Llu\u00eds.&nbsp;<\/p>\n\n\n\n<p class=\"wp-block-paragraph\">A la vesprada els actes arranquen a les 17h amb el taller d&#8217;escriptura, a c\u00e0rrec de l&#8217;escriptora Rosario Raro, i en el qual s&#8217;han apuntat m\u00e9s de 50 persones interessades a con\u00e9ixer la ploma d&#8217;aquesta escriptora, poeta, conferenciant i activista cultural. Despr\u00e9s d&#8217;aix\u00f2, a les 18.30h arranca la trobada amb escriptors i poetes de la localitat. Una hora despr\u00e9s, el concert que intercalar\u00e0 m\u00fasica i poesia far\u00e0 les del\u00edcies de tots els assistents. Intervindran els poetes Juan Luis Bedins (president de CLAU), Ana Noguera (membre del Consell Valenci\u00e0 de Cultura), Luis Garc\u00eda Trapiello (membre del Consell Escolar de la Comunitat Valenciana) i Elga Re\u00e1tegui (designada Ambaixadora de l&#8217;idioma castell\u00e0 per la Fundaci\u00f3 C\u00e9sar Egido Serrano i el Museu de la Paraula de Madrid).<\/p>\n\n\n\n<p class=\"wp-block-paragraph\">La resta d&#8217;escriptors, poetes i cr\u00edtics participants en aquesta jornada s\u00f3n Mar\u00eda Garc\u00eda-Lliber\u00f3s, Jaime Mill\u00e1s, Jos\u00e9 Vicente Peir\u00f3 i Isabel Barcel\u00f3.<\/p>\n","protected":false},"excerpt":{"rendered":"<div class=\"mh-excerpt\">Els escriptors, poetes i cr\u00edtics participants en aquesta jornada s\u00f3n Mar\u00eda Garc\u00eda-Lliber\u00f3s, Ana Noguera, Jaime Mill\u00e1s, Jos\u00e9 Vicente Peir\u00f3, Juan Luis Bedins, Luis Garc\u00eda Trapiello, Elga Re\u00e1tegui, Isabel Barcel\u00f3 i Rosario Raro. Un nodrit grup <a class=\"mh-excerpt-more\" href=\"https:\/\/tucomarca.whitekongsoftware.com\/ca\/mes-de-50-persones-sinscriuen-en-la-i-jornada-literaria-castillo-de-bunyol-daquest-dissabte\/\" title=\"M\u00e9s de 50 persones s&#8217;inscriuen en la I Jornada Liter\u00e0ria \u201cCastillo de Bunyol\u201d d&#8217;aquest dissabte\">[+] <\/a><\/div>\n","protected":false},"author":12,"featured_media":133740,"comment_status":"open","ping_status":"open","sticky":false,"template":"","format":"standard","meta":{"footnotes":""},"categories":[11019,10911,10894,10912,11007,10896],"tags":[10913,14554,10914],"class_list":["post-133741","post","type-post","status-publish","format-standard","has-post-thumbnail","category-agenda-ca","category-bunol-ca","category-la-comarca-ca","category-la-hoya-ca","category-ocio-y-cultura-ca","category-seccion-ca","tag-bunol-ca","tag-i-jornada-literaria-castillo-de-bunol-ca","tag-la-hoya-de-bunol-chiva-ca"],"_links":{"self":[{"href":"https:\/\/tucomarca.whitekongsoftware.com\/ca\/wp-json\/wp\/v2\/posts\/133741","targetHints":{"allow":["GET"]}}],"collection":[{"href":"https:\/\/tucomarca.whitekongsoftware.com\/ca\/wp-json\/wp\/v2\/posts"}],"about":[{"href":"https:\/\/tucomarca.whitekongsoftware.com\/ca\/wp-json\/wp\/v2\/types\/post"}],"author":[{"embeddable":true,"href":"https:\/\/tucomarca.whitekongsoftware.com\/ca\/wp-json\/wp\/v2\/users\/12"}],"replies":[{"embeddable":true,"href":"https:\/\/tucomarca.whitekongsoftware.com\/ca\/wp-json\/wp\/v2\/comments?post=133741"}],"version-history":[{"count":0,"href":"https:\/\/tucomarca.whitekongsoftware.com\/ca\/wp-json\/wp\/v2\/posts\/133741\/revisions"}],"wp:featuredmedia":[{"embeddable":true,"href":"https:\/\/tucomarca.whitekongsoftware.com\/ca\/wp-json\/wp\/v2\/media\/133740"}],"wp:attachment":[{"href":"https:\/\/tucomarca.whitekongsoftware.com\/ca\/wp-json\/wp\/v2\/media?parent=133741"}],"wp:term":[{"taxonomy":"category","embeddable":true,"href":"https:\/\/tucomarca.whitekongsoftware.com\/ca\/wp-json\/wp\/v2\/categories?post=133741"},{"taxonomy":"post_tag","embeddable":true,"href":"https:\/\/tucomarca.whitekongsoftware.com\/ca\/wp-json\/wp\/v2\/tags?post=133741"}],"curies":[{"name":"wp","href":"https:\/\/api.w.org\/{rel}","templated":true}]}}