{"id":133732,"date":"2021-05-26T08:01:00","date_gmt":"2021-05-26T07:01:00","guid":{"rendered":"http:\/\/www.tucomarca.com\/wordpress\/segunda\/?p=133732"},"modified":"2021-05-26T17:44:50","modified_gmt":"2021-05-26T16:44:50","slug":"la-regidoria-de-joventut-de-bunyol-organitza-un-cicle-de-creativitat-amb-tallers-per-a-joves-de-12-a-30-anys-de-maig-a-desembre","status":"publish","type":"post","link":"https:\/\/tucomarca.whitekongsoftware.com\/ca\/la-regidoria-de-joventut-de-bunyol-organitza-un-cicle-de-creativitat-amb-tallers-per-a-joves-de-12-a-30-anys-de-maig-a-desembre\/","title":{"rendered":"La regidoria de Joventut de Bunyol organitza un cicle de creativitat amb tallers per a joves de 12 a 30 anys de maig a desembre"},"content":{"rendered":"\n<h4 class=\"wp-block-heading\">Els tallers van destinats a la creativitat en teatre, producci\u00f3 audiovisual, creaci\u00f3 liter\u00e0ria, c\u00f2mic, disseny gr\u00e0fic i m\u00fasica. Tots els interessats poden inscriure&#8217;s enviant un mail a juventudbunyol@gmail.com. El primer taller arranca aquest dissabte dins de la I Jornada Liter\u00e0ria Castillo de Bunyol.\u00a0<\/h4>\n\n\n\n<figure class=\"wp-block-image size-large\"><img loading=\"lazy\" decoding=\"async\" width=\"787\" height=\"787\" src=\"http:\/\/www.tucomarca.com\/wordpress\/segunda\/wp-content\/uploads\/2021\/05\/CREAR-TEescritura.jpg\" alt=\"\" class=\"wp-image-133728\" srcset=\"https:\/\/tucomarca.whitekongsoftware.com\/wp-content\/uploads\/2021\/05\/CREAR-TEescritura.jpg 787w, https:\/\/tucomarca.whitekongsoftware.com\/wp-content\/uploads\/2021\/05\/CREAR-TEescritura-300x300.jpg 300w, https:\/\/tucomarca.whitekongsoftware.com\/wp-content\/uploads\/2021\/05\/CREAR-TEescritura-290x290.jpg 290w, https:\/\/tucomarca.whitekongsoftware.com\/wp-content\/uploads\/2021\/05\/CREAR-TEescritura-768x768.jpg 768w\" sizes=\"auto, (max-width: 787px) 100vw, 787px\" \/><\/figure>\n\n\n\n<p class=\"wp-block-paragraph\">La regidoria de Joventut de l&#8217;Ajuntament de Bunyol organitza CREAR-ET (cicle de creativitat per a joves) de maig a desembre. Col\u00b7labora l&#8217;IVAJ i la Generalitat Valenciana. Tots els interessats han d&#8217;inscriure&#8217;s en juventudbunyol@gmail.com o telefonar al 680 566 394.<\/p>\n\n\n\n<p class=\"wp-block-paragraph\">Aquest cicle abasta disseny gr\u00e0fic, creaci\u00f3 liter\u00e0ria, nous ritmes, teatre i producci\u00f3 audiovisual. Est\u00e0 enfocat per a joves de 12 a 30 anys. Juan Luis Pall\u00e1s, regidor de Joventut del Consistori bunyolense, assegura que CREAR-ET naix amb la idea de fusionar els tipus de creativitat existent amb les diferents manifestacions art\u00edstiques reconegudes en la nostra poblaci\u00f3 que ajuden al creixement personal de la joventut tant a nivell individual com social. I \u00e9s que, &#8211; continua Pall\u00e1s -, \u201cBunyol \u00e9s conegut per la seua varietat cultural. M\u00fasica, Art i Disseny, Literatura, Teatre, Cinema,&#8230; formen part de la seua oferta quotidiana, per aix\u00f2 CREAR-ET, est\u00e0 conformat per una s\u00e8rie de Tallers per a Joves amb activitats diverses, que ajuden a &#8220;cr\u00e9ixer de manera creativa&#8221; ateses les diferents manifestacions culturals\u201d.&nbsp;<\/p>\n\n\n\n<p class=\"wp-block-paragraph\">En definitiva, s&#8217;han preparat diversos tallers. El primer d&#8217;ells \u00e9s el Taller d&#8217;Escriptura d&#8217;aquest dissabte, a c\u00e0rrec de l&#8217;escriptora Rosario Raro, a les 17h a l&#8217;Auditori de Sant Llu\u00eds de Bu\u00f1ol, dins de la I Jornada Liter\u00e0ria Castillo de Bu\u00f1ol. L&#8217;obra liter\u00e0ria de Rar ha sigut tradu\u00efda al catal\u00e0, al japon\u00e9s i al franc\u00e9s, i reconeguda amb nombrosos premis nacionals i internacionals. Coordina els Clubs de Lectura d&#8217;El Corte Ingl\u00e9s. Ha publicat un gran nombre de novel\u00b7les i participat de jurat en diversos premis literaris. La seua producci\u00f3 liter\u00e0ria l&#8217;ha combinada amb la publicaci\u00f3 de nombrosos articles sobre narratologia, literatura, llengua i ling\u00fc\u00edstica i la col\u00b7laboraci\u00f3 en alguns mitjans nacionals. Tots els interessats a participar han de manar un correu electr\u00f2nic o telefonar al 680 566 394.&nbsp;<\/p>\n\n\n\n<p class=\"wp-block-paragraph\">Despr\u00e9s d&#8217;aquest taller, el 2 i 3 de juny en l&#8217;IES de Bunyol i el 12 de juny a la Sala Raga del Molino Gal\u00e0, s&#8217;organitza un altre sobre c\u00f2mics. Al llarg d&#8217;aquests pr\u00f2xims mesos, i dins del Cicle CREAR-ET desenvoluparan altres tallers, com un de Dansa De carrer, un altre de M\u00fasica Rock, un altre d&#8217;Edici\u00f3 i Muntatge Audiovisual, i un de Rob\u00f2tica, finalitzant amb un altre sobre Teatre. De tot aix\u00f2, a m\u00e9s de dates, horari i lloc on es realitzaran tots els tallers anir\u00e0 informant el Consistori bunyolense conforme s&#8217;acosten les dates i s&#8217;\u00f2briga el per\u00edode d&#8217;inscripci\u00f3 a aquests.\u00a0<\/p>\n\n\n\n<p class=\"wp-block-paragraph\">L&#8217;Ajuntament de Bunyol incideix en els joves de la localitat: \u201cSer creatiu no est\u00e0 relacionat amb l&#8217;alta intel\u00b7lig\u00e8ncia. Aquesta capacitat \u00e9s inherent a l&#8217;\u00e9sser hum\u00e0 i tots\/as podem aprendre a potenciar-la, a posar-la al nostre favor. La creativitat \u00e9s un m\u00fascul excepcional que tots\/as tenim al nostre abast. Gr\u00e0cies a ella, prenem millors decisions, innovem en la nostra realitat, trobem m\u00e9s respostes als problemes quotidians i alineem somnis amb assoliments. Ser una persona creativa no \u00e9s un art en si, sin\u00f3 m\u00e9s aviat un exercici que aprendre a practicar di\u00e0riament. La creativitat ens aporta solucions i idees que permeten adaptar-nos a un entorn en continu canvi, millorant tamb\u00e9 les relacions socials gr\u00e0cies a l&#8217;\u00fas de nous h\u00e0bits de comunicaci\u00f3\u201d.<\/p>\n\n\n\n<p class=\"wp-block-paragraph\">Finalitzen dient: \u201cla creativitat ens permet eixir de la rutina, ens espenta a eixir de les zones de confort i conformisme, educa a la nostra ment per a comprendre la realitat des de diferents perspectives i facilita la tasca de resoldre problemes\u201d.<\/p>\n","protected":false},"excerpt":{"rendered":"<div class=\"mh-excerpt\">Els tallers van destinats a la creativitat en teatre, producci\u00f3 audiovisual, creaci\u00f3 liter\u00e0ria, c\u00f2mic, disseny gr\u00e0fic i m\u00fasica. Tots els interessats poden inscriure&#8217;s enviant un mail a juventudbunyol@gmail.com. El primer taller arranca aquest dissabte dins <a class=\"mh-excerpt-more\" href=\"https:\/\/tucomarca.whitekongsoftware.com\/ca\/la-regidoria-de-joventut-de-bunyol-organitza-un-cicle-de-creativitat-amb-tallers-per-a-joves-de-12-a-30-anys-de-maig-a-desembre\/\" title=\"La regidoria de Joventut de Bunyol organitza un cicle de creativitat amb tallers per a joves de 12 a 30 anys de maig a desembre\">[+] <\/a><\/div>\n","protected":false},"author":12,"featured_media":133731,"comment_status":"open","ping_status":"open","sticky":false,"template":"","format":"standard","meta":{"footnotes":""},"categories":[11019,10911,10894,10912,11007,10896],"tags":[10913,14560,14656,11498,14554,11219,11726,10914],"class_list":["post-133732","post","type-post","status-publish","format-standard","has-post-thumbnail","category-agenda-ca","category-bunol-ca","category-la-comarca-ca","category-la-hoya-ca","category-ocio-y-cultura-ca","category-seccion-ca","tag-bunol-ca","tag-concejalia-de-juventud-ca","tag-crear-te-ca","tag-generalitat-valenciana-ca","tag-i-jornada-literaria-castillo-de-bunol-ca","tag-ies-la-hoya-de-bunol-ca","tag-ivaj-ca","tag-la-hoya-de-bunol-chiva-ca"],"_links":{"self":[{"href":"https:\/\/tucomarca.whitekongsoftware.com\/ca\/wp-json\/wp\/v2\/posts\/133732","targetHints":{"allow":["GET"]}}],"collection":[{"href":"https:\/\/tucomarca.whitekongsoftware.com\/ca\/wp-json\/wp\/v2\/posts"}],"about":[{"href":"https:\/\/tucomarca.whitekongsoftware.com\/ca\/wp-json\/wp\/v2\/types\/post"}],"author":[{"embeddable":true,"href":"https:\/\/tucomarca.whitekongsoftware.com\/ca\/wp-json\/wp\/v2\/users\/12"}],"replies":[{"embeddable":true,"href":"https:\/\/tucomarca.whitekongsoftware.com\/ca\/wp-json\/wp\/v2\/comments?post=133732"}],"version-history":[{"count":0,"href":"https:\/\/tucomarca.whitekongsoftware.com\/ca\/wp-json\/wp\/v2\/posts\/133732\/revisions"}],"wp:featuredmedia":[{"embeddable":true,"href":"https:\/\/tucomarca.whitekongsoftware.com\/ca\/wp-json\/wp\/v2\/media\/133731"}],"wp:attachment":[{"href":"https:\/\/tucomarca.whitekongsoftware.com\/ca\/wp-json\/wp\/v2\/media?parent=133732"}],"wp:term":[{"taxonomy":"category","embeddable":true,"href":"https:\/\/tucomarca.whitekongsoftware.com\/ca\/wp-json\/wp\/v2\/categories?post=133732"},{"taxonomy":"post_tag","embeddable":true,"href":"https:\/\/tucomarca.whitekongsoftware.com\/ca\/wp-json\/wp\/v2\/tags?post=133732"}],"curies":[{"name":"wp","href":"https:\/\/api.w.org\/{rel}","templated":true}]}}