{"id":133678,"date":"2021-05-24T21:05:00","date_gmt":"2021-05-24T20:05:00","guid":{"rendered":"http:\/\/www.tucomarca.com\/wordpress\/segunda\/?p=133678"},"modified":"2021-05-25T17:57:45","modified_gmt":"2021-05-25T16:57:45","slug":"comencen-els-treballs-per-a-la-redaccio-dels-plans-dautoproteccio-de-les-urbanitzacions-de-monte-horquera-la-rodana-la-llomaina-i-la-pedrera-del-rei","status":"publish","type":"post","link":"https:\/\/tucomarca.whitekongsoftware.com\/ca\/comencen-els-treballs-per-a-la-redaccio-dels-plans-dautoproteccio-de-les-urbanitzacions-de-monte-horquera-la-rodana-la-llomaina-i-la-pedrera-del-rei\/","title":{"rendered":"Comencen els treballs per a la redacci\u00f3 dels Plans d&#8217;Autoprotecci\u00f3 de les Urbanitzacions de Monte Horquera, La Rodana, La Llomaina i la Pedrera del Rei"},"content":{"rendered":"\n<p class=\"wp-block-paragraph\">L&#8217;Ajuntament de Vilamarxant ja ha comen\u00e7at els treballs per a la redacci\u00f3 dels Plans d&#8217;Autoprotecci\u00f3 de les Urbanitzacions de Monte Horquera, La Rodana, La Llomaina i la Pedrera del Rei, totes elles situades en el terme municipal de la poblaci\u00f3 de la comarca del Camp de T\u00faria.<\/p>\n\n\n\n<p class=\"wp-block-paragraph\">L&#8217;objectiu d&#8217;esta iniciativa \u00e9s garantir la seguretat de les persones que viuen en estos centres residencials en els diferents habitatges existents. Com recull el Pla de Prevenci\u00f3 d&#8217;Incendis Forestals, aprovat recentment en el ple municipal, s\u00f3n priorit\u00e0ries estes actuacions per a salvaguardar la seguretat de la poblaci\u00f3.<\/p>\n\n\n\n<p class=\"wp-block-paragraph\">L&#8217;\u00e0rea de Seguretat i Emerg\u00e8ncies, dirigida per Ciro Ferrer, pret\u00e9n reduir els riscos en cas d&#8217;emerg\u00e8ncia i definir clarament els protocols d&#8217;actuaci\u00f3 davant possibles incid\u00e8ncies en el terme.<\/p>\n\n\n\n<p class=\"wp-block-paragraph\">\u201cA m\u00e9s de disminuir els perills, volem saber quines s\u00f3n les inversions necess\u00e0ries per a poder dur a terme totes les actuacions necess\u00e0ries davant possibles problemes. Especialment, ens centrarem en els sistemes de detecci\u00f3 i extinci\u00f3 d&#8217;incendis, senyalitzaci\u00f3 d&#8217;emerg\u00e8ncia i vies d&#8217;evacuaci\u00f3\u201d, ha indicat el regidor Ciro Ferrer.<\/p>\n","protected":false},"excerpt":{"rendered":"<div class=\"mh-excerpt\">L&#8217;Ajuntament de Vilamarxant ja ha comen\u00e7at els treballs per a la redacci\u00f3 dels Plans d&#8217;Autoprotecci\u00f3 de les Urbanitzacions de Monte Horquera, La Rodana, La Llomaina i la Pedrera del Rei, totes elles situades en el <a class=\"mh-excerpt-more\" href=\"https:\/\/tucomarca.whitekongsoftware.com\/ca\/comencen-els-treballs-per-a-la-redaccio-dels-plans-dautoproteccio-de-les-urbanitzacions-de-monte-horquera-la-rodana-la-llomaina-i-la-pedrera-del-rei\/\" title=\"Comencen els treballs per a la redacci\u00f3 dels Plans d&#8217;Autoprotecci\u00f3 de les Urbanitzacions de Monte Horquera, La Rodana, La Llomaina i la Pedrera del Rei\">[+] <\/a><\/div>\n","protected":false},"author":1,"featured_media":133676,"comment_status":"open","ping_status":"open","sticky":false,"template":"","format":"standard","meta":{"footnotes":""},"categories":[10892,10948,10894,10947,10896,10927],"tags":[10899,11090],"class_list":["post-133678","post","type-post","status-publish","format-standard","has-post-thumbnail","category-camp-de-turia-ca","category-infraestructuras-ca","category-la-comarca-ca","category-politica","category-seccion-ca","category-vilamarxant-ca","tag-camp-de-turia-ca","tag-vilamarxant-ca"],"_links":{"self":[{"href":"https:\/\/tucomarca.whitekongsoftware.com\/ca\/wp-json\/wp\/v2\/posts\/133678","targetHints":{"allow":["GET"]}}],"collection":[{"href":"https:\/\/tucomarca.whitekongsoftware.com\/ca\/wp-json\/wp\/v2\/posts"}],"about":[{"href":"https:\/\/tucomarca.whitekongsoftware.com\/ca\/wp-json\/wp\/v2\/types\/post"}],"author":[{"embeddable":true,"href":"https:\/\/tucomarca.whitekongsoftware.com\/ca\/wp-json\/wp\/v2\/users\/1"}],"replies":[{"embeddable":true,"href":"https:\/\/tucomarca.whitekongsoftware.com\/ca\/wp-json\/wp\/v2\/comments?post=133678"}],"version-history":[{"count":0,"href":"https:\/\/tucomarca.whitekongsoftware.com\/ca\/wp-json\/wp\/v2\/posts\/133678\/revisions"}],"wp:featuredmedia":[{"embeddable":true,"href":"https:\/\/tucomarca.whitekongsoftware.com\/ca\/wp-json\/wp\/v2\/media\/133676"}],"wp:attachment":[{"href":"https:\/\/tucomarca.whitekongsoftware.com\/ca\/wp-json\/wp\/v2\/media?parent=133678"}],"wp:term":[{"taxonomy":"category","embeddable":true,"href":"https:\/\/tucomarca.whitekongsoftware.com\/ca\/wp-json\/wp\/v2\/categories?post=133678"},{"taxonomy":"post_tag","embeddable":true,"href":"https:\/\/tucomarca.whitekongsoftware.com\/ca\/wp-json\/wp\/v2\/tags?post=133678"}],"curies":[{"name":"wp","href":"https:\/\/api.w.org\/{rel}","templated":true}]}}