{"id":133667,"date":"2021-05-25T10:30:00","date_gmt":"2021-05-25T09:30:00","guid":{"rendered":"http:\/\/www.tucomarca.com\/wordpress\/segunda\/?p=133667"},"modified":"2021-05-25T17:45:11","modified_gmt":"2021-05-25T16:45:11","slug":"vilamarxant-tindra-una-colleccio-museografica-en-ledifici-de-la-cisterna","status":"publish","type":"post","link":"https:\/\/tucomarca.whitekongsoftware.com\/ca\/vilamarxant-tindra-una-colleccio-museografica-en-ledifici-de-la-cisterna\/","title":{"rendered":"Vilamarxant tindr\u00e0 una col\u00b7lecci\u00f3 museogr\u00e0fica en l&#8217;edifici de la Cisterna"},"content":{"rendered":"\n<p class=\"wp-block-paragraph\">La localitat de Vilamarxant tindr\u00e0 una col\u00b7lecci\u00f3 museogr\u00e0fica que es podr\u00e0 visitar en l&#8217;edifici municipal de la Cisterna on la ciutadania tindr\u00e0 un paper fonamental ja que ha d&#8217;ajudar a crear el conjunt d&#8217;objectes amb les seues aportacions.<\/p>\n\n\n\n<p class=\"wp-block-paragraph\">L&#8217;alcalde H\u00e9ctor Troyano, junt altres membres de la corporaci\u00f3 municipal, van estar presents en la presentaci\u00f3 d&#8217;este projecte, liderat pels arque\u00f2legs i gestors culturals de T\u00e0ndem Patrimoni, Eva Bravo i David Vizcaino.<\/p>\n\n\n\n<p class=\"wp-block-paragraph\">Els primers passos per a iniciar esta col\u00b7lecci\u00f3 es consolidaran en la cerca de materials i peces patrimonials depositades en altres museus i institucions, investigaci\u00f3 de fons documentals, fotogr\u00e0fics i bibliogr\u00e0fics aix\u00ed com col\u00b7leccions i peces particulars del municipi a trav\u00e9s de donacions i pr\u00e9stecs. I, finalment, la investigaci\u00f3 i registre de patrimoni immaterial i de la mem\u00f2ria oral on la ciutadania \u00e9s clau.<\/p>\n\n\n\n<p class=\"wp-block-paragraph\">Les aportacions dels ve\u00efns de Vilamarxant podran realitzar-se el primer i \u00faltim dilluns de cada mes (31 de maig, 7 i 28 de juny, i 5 de juliol) de 10 a 12 hores en l&#8217;Edifici La Cisterna perqu\u00e8 els professionals de l&#8217;arqueologia recullen estes donacions i pr\u00e9stecs. Aix\u00ed mateix, les persones que ho desitgen poden acudir a l&#8217;Ajuntament per a compartir els seus coneixements o objectes i que els arque\u00f2legs es posen en contacte amb ells per a registrar tota eixa informaci\u00f3.<\/p>\n\n\n\n<p class=\"wp-block-paragraph\">Miguel Navarro, regidor de Cultura de Vilamarxant, va explicar la import\u00e0ncia d&#8217;esta nova creaci\u00f3 museogr\u00e0fica que tindr\u00e0 La Cisterna com a lloc de refer\u00e8ncia: \u201cComptarem amb una col\u00b7lecci\u00f3 fonamental que ens far\u00e0 con\u00e9ixer un poc m\u00e9s a Vilamarxant a trav\u00e9s de tots els vestigis que tenim en institucions, jaciments o que s\u00f3n propietat dels ve\u00efns del poble\u201d.<\/p>\n\n\n\n<p class=\"wp-block-paragraph\"><\/p>\n","protected":false},"excerpt":{"rendered":"<div class=\"mh-excerpt\">La localitat de Vilamarxant tindr\u00e0 una col\u00b7lecci\u00f3 museogr\u00e0fica que es podr\u00e0 visitar en l&#8217;edifici municipal de la Cisterna on la ciutadania tindr\u00e0 un paper fonamental ja que ha d&#8217;ajudar a crear el conjunt d&#8217;objectes amb <a class=\"mh-excerpt-more\" href=\"https:\/\/tucomarca.whitekongsoftware.com\/ca\/vilamarxant-tindra-una-colleccio-museografica-en-ledifici-de-la-cisterna\/\" title=\"Vilamarxant tindr\u00e0 una col\u00b7lecci\u00f3 museogr\u00e0fica en l&#8217;edifici de la Cisterna\">[+] <\/a><\/div>\n","protected":false},"author":12,"featured_media":133666,"comment_status":"open","ping_status":"open","sticky":false,"template":"","format":"standard","meta":{"footnotes":""},"categories":[10892,10948,10894,11007,10947,10896,10927],"tags":[10899,14651,14652,11090],"class_list":["post-133667","post","type-post","status-publish","format-standard","has-post-thumbnail","category-camp-de-turia-ca","category-infraestructuras-ca","category-la-comarca-ca","category-ocio-y-cultura-ca","category-politica","category-seccion-ca","category-vilamarxant-ca","tag-camp-de-turia-ca","tag-coleccion-museografica-ca","tag-la-cisterna-ca","tag-vilamarxant-ca"],"_links":{"self":[{"href":"https:\/\/tucomarca.whitekongsoftware.com\/ca\/wp-json\/wp\/v2\/posts\/133667","targetHints":{"allow":["GET"]}}],"collection":[{"href":"https:\/\/tucomarca.whitekongsoftware.com\/ca\/wp-json\/wp\/v2\/posts"}],"about":[{"href":"https:\/\/tucomarca.whitekongsoftware.com\/ca\/wp-json\/wp\/v2\/types\/post"}],"author":[{"embeddable":true,"href":"https:\/\/tucomarca.whitekongsoftware.com\/ca\/wp-json\/wp\/v2\/users\/12"}],"replies":[{"embeddable":true,"href":"https:\/\/tucomarca.whitekongsoftware.com\/ca\/wp-json\/wp\/v2\/comments?post=133667"}],"version-history":[{"count":0,"href":"https:\/\/tucomarca.whitekongsoftware.com\/ca\/wp-json\/wp\/v2\/posts\/133667\/revisions"}],"wp:featuredmedia":[{"embeddable":true,"href":"https:\/\/tucomarca.whitekongsoftware.com\/ca\/wp-json\/wp\/v2\/media\/133666"}],"wp:attachment":[{"href":"https:\/\/tucomarca.whitekongsoftware.com\/ca\/wp-json\/wp\/v2\/media?parent=133667"}],"wp:term":[{"taxonomy":"category","embeddable":true,"href":"https:\/\/tucomarca.whitekongsoftware.com\/ca\/wp-json\/wp\/v2\/categories?post=133667"},{"taxonomy":"post_tag","embeddable":true,"href":"https:\/\/tucomarca.whitekongsoftware.com\/ca\/wp-json\/wp\/v2\/tags?post=133667"}],"curies":[{"name":"wp","href":"https:\/\/api.w.org\/{rel}","templated":true}]}}