{"id":133659,"date":"2021-05-25T11:00:00","date_gmt":"2021-05-25T10:00:00","guid":{"rendered":"http:\/\/www.tucomarca.com\/wordpress\/segunda\/?p=133659"},"modified":"2021-05-25T17:47:14","modified_gmt":"2021-05-25T16:47:14","slug":"lajuntament-de-benaguasil-organitza-lescola-destiu-per-a-xiquets-i-adolescents","status":"publish","type":"post","link":"https:\/\/tucomarca.whitekongsoftware.com\/ca\/lajuntament-de-benaguasil-organitza-lescola-destiu-per-a-xiquets-i-adolescents\/","title":{"rendered":"L&#8217;Ajuntament de Benaguasil organitza l&#8217;escola d&#8217;estiu per a xiquets i adolescents"},"content":{"rendered":"\n<h4 class=\"wp-block-heading\">L&#8217;escola d&#8217;estiu es posa en marxa per a facilitar a les fam\u00edlies la conciliaci\u00f3 familiar i laboral durant les vacances escolars.<\/h4>\n\n\n\n<h4 class=\"wp-block-heading\">Est\u00e0 dirigida a xiquets i xiquetes d&#8217;entre 3 i 14 anys, i el per\u00edode d&#8217;inscripci\u00f3 comen\u00e7ar\u00e0 el pr\u00f2xim dia 1 de juny.<\/h4>\n\n\n\n<figure class=\"wp-block-image size-large is-resized\"><img loading=\"lazy\" decoding=\"async\" src=\"http:\/\/www.tucomarca.com\/wordpress\/segunda\/wp-content\/uploads\/2021\/05\/BenaguasilEscolaEstiu2.jpg\" alt=\"\" class=\"wp-image-133654\" width=\"580\" height=\"772\" srcset=\"https:\/\/tucomarca.whitekongsoftware.com\/wp-content\/uploads\/2021\/05\/BenaguasilEscolaEstiu2.jpg 591w, https:\/\/tucomarca.whitekongsoftware.com\/wp-content\/uploads\/2021\/05\/BenaguasilEscolaEstiu2-225x300.jpg 225w\" sizes=\"auto, (max-width: 580px) 100vw, 580px\" \/><\/figure>\n\n\n\n<p class=\"wp-block-paragraph\">L&#8217;Ajuntament de Benaguasil organitza una nova edici\u00f3 de l&#8217;escola d&#8217;estiu municipal, una iniciativa l&#8217;objectiu de la qual \u00e9s afavorir la conciliaci\u00f3 de la vida laboral i familiar posant a la disposici\u00f3 de les fam\u00edlies un espai l\u00fadic-educatiu on portar als seus fills durant les vacances escolars.<br>Els tallers d&#8217;estiu per a xiquets i joves combinen oci i aprenentatge, i van dirigits a xiquets de 3 a 14 anys, desenvolupant-se en el col\u00b7legi Luis Vives i en el Poliesportiu Municipal.<\/p>\n\n\n\n<p class=\"wp-block-paragraph\">Respecte al col\u00b7legi Luis Vives, els tallers seran de l&#8217;1 al 30 de juliol, en horari de 9h a 13h i estaran dirigits als xiquets que cursen educaci\u00f3 infantil.&nbsp;<br>Pel que fa al Poliesportiu, els tallers seran del 28 de juny al 30 de juliol, de 9h a 13:30h, i estan dirigits a xiquets de 6 a 14 anys.&nbsp;<\/p>\n\n\n\n<p class=\"wp-block-paragraph\">Respecte a les activitats que es realitzaran seran sempre adaptades a les edats i caracter\u00edstiques dels xiquets, alternant les activitats esportives amb les l\u00fadiques i les educatives, i s&#8217;ajustaran en tot moment a les directrius de seguretat pertinents.<\/p>\n\n\n\n<p class=\"wp-block-paragraph\">Des de l&#8217;Ajuntament han assenyalat que amb l&#8217;escola d&#8217;estiu es persegueix \u201coferir als xiquets alternatives d&#8217;oci i temps lliure, aix\u00ed com als pares ajudar-los a conciliar la vida laboral i familiar en el per\u00edode vacacional dels xicotets\u201d.<\/p>\n\n\n\n<p class=\"wp-block-paragraph\">El termini d&#8217;inscripcions s&#8217;obrir\u00e0 el dia 1 de juny i es podran formalitzar a l&#8217;Ajuntament.<\/p>\n","protected":false},"excerpt":{"rendered":"<div class=\"mh-excerpt\">L&#8217;escola d&#8217;estiu es posa en marxa per a facilitar a les fam\u00edlies la conciliaci\u00f3 familiar i laboral durant les vacances escolars. Est\u00e0 dirigida a xiquets i xiquetes d&#8217;entre 3 i 14 anys, i el per\u00edode <a class=\"mh-excerpt-more\" href=\"https:\/\/tucomarca.whitekongsoftware.com\/ca\/lajuntament-de-benaguasil-organitza-lescola-destiu-per-a-xiquets-i-adolescents\/\" title=\"L&#8217;Ajuntament de Benaguasil organitza l&#8217;escola d&#8217;estiu per a xiquets i adolescents\">[+] <\/a><\/div>\n","protected":false},"author":12,"featured_media":133657,"comment_status":"open","ping_status":"open","sticky":false,"template":"","format":"standard","meta":{"footnotes":""},"categories":[11019,10952,10892,10948,10894,10947,10896],"tags":[11136,10899,12349],"class_list":["post-133659","post","type-post","status-publish","format-standard","has-post-thumbnail","category-agenda-ca","category-benaguasil-ca","category-camp-de-turia-ca","category-infraestructuras-ca","category-la-comarca-ca","category-politica","category-seccion-ca","tag-benaguasil-ca","tag-camp-de-turia-ca","tag-escuela-de-verano-ca"],"_links":{"self":[{"href":"https:\/\/tucomarca.whitekongsoftware.com\/ca\/wp-json\/wp\/v2\/posts\/133659","targetHints":{"allow":["GET"]}}],"collection":[{"href":"https:\/\/tucomarca.whitekongsoftware.com\/ca\/wp-json\/wp\/v2\/posts"}],"about":[{"href":"https:\/\/tucomarca.whitekongsoftware.com\/ca\/wp-json\/wp\/v2\/types\/post"}],"author":[{"embeddable":true,"href":"https:\/\/tucomarca.whitekongsoftware.com\/ca\/wp-json\/wp\/v2\/users\/12"}],"replies":[{"embeddable":true,"href":"https:\/\/tucomarca.whitekongsoftware.com\/ca\/wp-json\/wp\/v2\/comments?post=133659"}],"version-history":[{"count":0,"href":"https:\/\/tucomarca.whitekongsoftware.com\/ca\/wp-json\/wp\/v2\/posts\/133659\/revisions"}],"wp:featuredmedia":[{"embeddable":true,"href":"https:\/\/tucomarca.whitekongsoftware.com\/ca\/wp-json\/wp\/v2\/media\/133657"}],"wp:attachment":[{"href":"https:\/\/tucomarca.whitekongsoftware.com\/ca\/wp-json\/wp\/v2\/media?parent=133659"}],"wp:term":[{"taxonomy":"category","embeddable":true,"href":"https:\/\/tucomarca.whitekongsoftware.com\/ca\/wp-json\/wp\/v2\/categories?post=133659"},{"taxonomy":"post_tag","embeddable":true,"href":"https:\/\/tucomarca.whitekongsoftware.com\/ca\/wp-json\/wp\/v2\/tags?post=133659"}],"curies":[{"name":"wp","href":"https:\/\/api.w.org\/{rel}","templated":true}]}}