{"id":133511,"date":"2021-05-22T08:00:00","date_gmt":"2021-05-22T07:00:00","guid":{"rendered":"http:\/\/www.tucomarca.com\/wordpress\/segunda\/?p=133511"},"modified":"2021-05-22T14:18:34","modified_gmt":"2021-05-22T13:18:34","slug":"el-consell-impulsa-el-pla-de-dinamitzacio-i-governanca-turistica-2021-de-la-mancomunitat-de-la-canal-de-navarres","status":"publish","type":"post","link":"https:\/\/tucomarca.whitekongsoftware.com\/ca\/el-consell-impulsa-el-pla-de-dinamitzacio-i-governanca-turistica-2021-de-la-mancomunitat-de-la-canal-de-navarres\/","title":{"rendered":"El Consell impulsa el Pla de Dinamitzaci\u00f3 i Governan\u00e7a Tur\u00edstica 2021 de la Mancomunitat de la Canal de Navarr\u00e9s"},"content":{"rendered":"\n<h4 class=\"wp-block-heading\">Turisme CV, el Patronat Provincial de Turisme de Val\u00e8ncia i la mancomunitat destinen 300.000 euros en 2021<\/h4>\n\n\n\n<p class=\"wp-block-paragraph\">El Consell ha aprovat la subscripci\u00f3 del conveni de col\u00b7laboraci\u00f3 entre Turisme Comunitat Valenciana, el Patronat Provincial de Turisme de Val\u00e8ncia i la Mancomunitat de la Canal de Navarr\u00e9s per a continuar impulsant actuacions en 2021 dins del marc del Pla de Dinamitzaci\u00f3 i Governan\u00e7a Tur\u00edstica de la Canal de Navarr\u00e9s.&nbsp;<\/p>\n\n\n\n<p class=\"wp-block-paragraph\">L&#8217;objectiu d&#8217;aquest pla \u00e9s augmentar la qualitat dels serveis tur\u00edstics del territori, posar en valor els recursos, diversificar l&#8217;oferta i sensibilitzar i implicar la poblaci\u00f3 i agents locals en la cultura de la qualitat tur\u00edstica.&nbsp;<\/p>\n\n\n\n<p class=\"wp-block-paragraph\">El cost total m\u00e0xim d&#8217;execuci\u00f3 de les actuacions ascendeix a 300.000 euros, dels quals Turisme Comunitat Valenciana aportar\u00e0 100.000 euros. El pla compta amb finan\u00e7ament a parts iguals per les entitats subscrites en aquest conveni.&nbsp;<\/p>\n\n\n\n<p class=\"wp-block-paragraph\">En el Pla de Dinamitzaci\u00f3 i Governan\u00e7a Tur\u00edstica de la Mancomunitat de la Canal de Navarr\u00e9s estan implicats els municipis de Bicorp, Quesa, Navarr\u00e9s, Bolbaite, Chella, Anna, Estubeny i Millares.&nbsp;<\/p>\n\n\n\n<p class=\"wp-block-paragraph\">Els Plans de Dinamitzaci\u00f3 i Governan\u00e7a Tur\u00edstica de la Comunitat Valenciana es configuren com una iniciativa de la Generalitat, instrumentada a trav\u00e9s de la formalitzaci\u00f3 de convenis entre *Turisme Comunitat Valenciana, les diputacions provincials i altres administracions p\u00fabliques i ens privats.&nbsp;<\/p>\n\n\n\n<p class=\"wp-block-paragraph\">Aquesta iniciativa est\u00e0 destinada a la innovaci\u00f3, modernitzaci\u00f3, foment i consolidaci\u00f3 dels productes tur\u00edstics valencians des de la perspectiva de l&#8217;oferta, atenent fonamentalment criteris de millora de la competitivitat, sostenibilitat i reequilibri socioterritorial.<\/p>\n","protected":false},"excerpt":{"rendered":"<div class=\"mh-excerpt\">Turisme CV, el Patronat Provincial de Turisme de Val\u00e8ncia i la mancomunitat destinen 300.000 euros en 2021 El Consell ha aprovat la subscripci\u00f3 del conveni de col\u00b7laboraci\u00f3 entre Turisme Comunitat Valenciana, el Patronat Provincial de <a class=\"mh-excerpt-more\" href=\"https:\/\/tucomarca.whitekongsoftware.com\/ca\/el-consell-impulsa-el-pla-de-dinamitzacio-i-governanca-turistica-2021-de-la-mancomunitat-de-la-canal-de-navarres\/\" title=\"El Consell impulsa el Pla de Dinamitzaci\u00f3 i Governan\u00e7a Tur\u00edstica 2021 de la Mancomunitat de la Canal de Navarr\u00e9s\">[+] <\/a><\/div>\n","protected":false},"author":12,"featured_media":127982,"comment_status":"open","ping_status":"open","sticky":false,"template":"","format":"standard","meta":{"footnotes":""},"categories":[10964,10965,10966,10968,10969,10898,10948,10963,10894,10970,10971,10947,10972,10896],"tags":[11094,13116,14632,12384],"class_list":["post-133511","post","type-post","status-publish","format-standard","has-post-thumbnail","category-anna-ca","category-bicorp-ca","category-bolbaite-ca","category-chella-ca","category-enguera-ca","category-ventana-ca","category-infraestructuras-ca","category-la-canal-de-navarres-ca","category-la-comarca-ca","category-millares-ca","category-navarres-ca","category-politica","category-quesa-ca","category-seccion-ca","tag-la-canal-de-navarres","tag-mancomunidad-de-la-canal-de-navarres-ca","tag-patronato-provincial-turismo-ca","tag-turisme-comunitat-valenciana-ca"],"_links":{"self":[{"href":"https:\/\/tucomarca.whitekongsoftware.com\/ca\/wp-json\/wp\/v2\/posts\/133511","targetHints":{"allow":["GET"]}}],"collection":[{"href":"https:\/\/tucomarca.whitekongsoftware.com\/ca\/wp-json\/wp\/v2\/posts"}],"about":[{"href":"https:\/\/tucomarca.whitekongsoftware.com\/ca\/wp-json\/wp\/v2\/types\/post"}],"author":[{"embeddable":true,"href":"https:\/\/tucomarca.whitekongsoftware.com\/ca\/wp-json\/wp\/v2\/users\/12"}],"replies":[{"embeddable":true,"href":"https:\/\/tucomarca.whitekongsoftware.com\/ca\/wp-json\/wp\/v2\/comments?post=133511"}],"version-history":[{"count":0,"href":"https:\/\/tucomarca.whitekongsoftware.com\/ca\/wp-json\/wp\/v2\/posts\/133511\/revisions"}],"wp:featuredmedia":[{"embeddable":true,"href":"https:\/\/tucomarca.whitekongsoftware.com\/ca\/wp-json\/wp\/v2\/media\/127982"}],"wp:attachment":[{"href":"https:\/\/tucomarca.whitekongsoftware.com\/ca\/wp-json\/wp\/v2\/media?parent=133511"}],"wp:term":[{"taxonomy":"category","embeddable":true,"href":"https:\/\/tucomarca.whitekongsoftware.com\/ca\/wp-json\/wp\/v2\/categories?post=133511"},{"taxonomy":"post_tag","embeddable":true,"href":"https:\/\/tucomarca.whitekongsoftware.com\/ca\/wp-json\/wp\/v2\/tags?post=133511"}],"curies":[{"name":"wp","href":"https:\/\/api.w.org\/{rel}","templated":true}]}}