{"id":133426,"date":"2021-05-21T17:04:00","date_gmt":"2021-05-21T16:04:00","guid":{"rendered":"http:\/\/www.tucomarca.com\/wordpress\/segunda\/?p=133426"},"modified":"2021-05-21T19:06:53","modified_gmt":"2021-05-21T18:06:53","slug":"les-persones-majors-de-60-anys-de-leliana-reben-la-primera-dosi-de-la-vacuna","status":"publish","type":"post","link":"https:\/\/tucomarca.whitekongsoftware.com\/ca\/les-persones-majors-de-60-anys-de-leliana-reben-la-primera-dosi-de-la-vacuna\/","title":{"rendered":"Les persones majors de 60 anys de l&#8217;Eliana reben la primera dosi de la vacuna"},"content":{"rendered":"\n<h4 class=\"wp-block-heading\">A partir del pr\u00f2xim dilluns l\u2019EPA passar\u00e0 a ser punt de vacunaci\u00f3 massiva de refer\u00e8ncia per a la ciutadania elianera i de San Antonio de Benag\u00e9ber.<\/h4>\n\n\n\n<p class=\"wp-block-paragraph\">La Zona B\u00e0sica de Salut ha informat que aquesta setmana acabar\u00e0 de citar les primeres dosis als ve\u00efns i les ve\u00efnes majors de 60 anys de l&#8217;Eliana. Tota persona que supere aquesta edat i que, tenint el desig de vacunar-se, encara no tinga administrada la primera dosi ha de cridar al Centre de Salut al tel\u00e8fon 96 271 84 40 per a facilitar les seues dades.<\/p>\n\n\n\n<p class=\"wp-block-paragraph\">La setmana que ve es continuar\u00e0 citant a trav\u00e9s de SMS a la ciutadania nascuda entre 1962 i 1970 (51-59 anys). Per aix\u00f2, \u00e9s fonamental que <a href=\"http:\/\/coronavirus.san.gva.es\/es\/web\/vacunacion\/datos-contacto\">comproven<\/a> i mantinguen actualitzats les dades de contacte de la targeta SIP. En aquest sentit, ha reconegut que, actualment, hi ha m\u00e9s de 300 ve\u00efns i ve\u00efnes de la zona en aqueixa franja d&#8217;edat que tenen un m\u00f2bil donat de baixa o erroni i, per tant, no estan rebent el SMS de la citaci\u00f3.<\/p>\n\n\n\n<p class=\"wp-block-paragraph\">D&#8217;altra banda, a partir de la vesprada del pr\u00f2xim dilluns 24 el Centre de Formaci\u00f3 de Persones Adultes (EPA) passar\u00e0 a ser el punt de vacunaci\u00f3 massiva de refer\u00e8ncia de l&#8217;Eliana i San Antonio de Benag\u00e9ber i atendr\u00e0 al dia a un m\u00e0xim de 780 usuaris, depenent del ritme de subministrament de les farmac\u00e8utiques. Per a aix\u00f2, la Zona B\u00e0sica ja t\u00e9 preparat el personal per a disposar de 3 boxs de vacunaci\u00f3 funcionant alhora i amb totes les consideracions log\u00edstiques i t\u00e8cniques necess\u00e0ries.<\/p>\n\n\n\n<p class=\"wp-block-paragraph\">Amb la finalitat d&#8217;agilitar tot el proc\u00e9s, els i les pacients han de portar el SIP sempre a la m\u00e0 i emplenar el q\u00fcestionari que rebran a la seua arribada. A l&#8217;entrada, els administratius comprovaran la seua cita i si tenen alguna patologia o dubtes podran comunicar-li-les al metge de la taula de triatge.<\/p>\n\n\n\n<p class=\"wp-block-paragraph\">Posteriorment, passar\u00e0 a un dels boxs de vacunaci\u00f3, on se li administrar\u00e0 el tipus de vacuna assignada per Conselleria. Despr\u00e9s de la inoculaci\u00f3 hauran d&#8217;esperar un m\u00ednim de 15 minuts o fins a 30, en el cas en qu\u00e8 tinguen antecedents de reacci\u00f3 al\u00b7l\u00e8rgica a una altra vacuna o tractament injectable.<\/p>\n\n\n\n<p class=\"wp-block-paragraph\">A tots ells, se&#8217;ls entregar\u00e0 un carnet de vacunaci\u00f3 durant el proc\u00e9s i un recordatori de segona cita.<\/p>\n\n\n\n<p class=\"wp-block-paragraph\">El primer edil, Salva Torrent, ha advertit que els aparcaments del Cinema d&#8217;Estiu i de l&#8217;Auditori estaran reservats per als usuaris i usu\u00e0ries que acudisquen a vacunar-se i la Policia Local i Protecci\u00f3 Civil controlaran els accessos, \u201c<em>amb l&#8217;objectiu de facilitar l&#8217;entrada a l\u2019EPA i accelerar aix\u00ed el pla de vacunaci\u00f3 als grans grups de poblaci\u00f3<\/em>\u201d.<\/p>\n\n\n\n<p class=\"wp-block-paragraph\"><\/p>\n","protected":false},"excerpt":{"rendered":"<div class=\"mh-excerpt\">A partir del pr\u00f2xim dilluns l\u2019EPA passar\u00e0 a ser punt de vacunaci\u00f3 massiva de refer\u00e8ncia per a la ciutadania elianera i de San Antonio de Benag\u00e9ber. La Zona B\u00e0sica de Salut ha informat que aquesta <a class=\"mh-excerpt-more\" href=\"https:\/\/tucomarca.whitekongsoftware.com\/ca\/les-persones-majors-de-60-anys-de-leliana-reben-la-primera-dosi-de-la-vacuna\/\" title=\"Les persones majors de 60 anys de l&#8217;Eliana reben la primera dosi de la vacuna\">[+] <\/a><\/div>\n","protected":false},"author":12,"featured_media":133425,"comment_status":"open","ping_status":"open","sticky":false,"template":"","format":"standard","meta":{"footnotes":""},"categories":[10892,11010,12202,10948,10894,10893,10947,10896,10897],"tags":[10899,11939,11940,11172,14619,13963],"class_list":["post-133426","post","type-post","status-publish","format-standard","has-post-thumbnail","category-camp-de-turia-ca","category-canal-salud","category-covid-19-ca","category-infraestructuras-ca","category-la-comarca-ca","category-leliana-ca","category-politica","category-seccion-ca","category-sucesos-la-comarca-ca","tag-camp-de-turia-ca","tag-coronavirus-ca","tag-covid-19-ca","tag-leliana-ca-2","tag-vacuna-ca","tag-vacunacion-ca"],"_links":{"self":[{"href":"https:\/\/tucomarca.whitekongsoftware.com\/ca\/wp-json\/wp\/v2\/posts\/133426","targetHints":{"allow":["GET"]}}],"collection":[{"href":"https:\/\/tucomarca.whitekongsoftware.com\/ca\/wp-json\/wp\/v2\/posts"}],"about":[{"href":"https:\/\/tucomarca.whitekongsoftware.com\/ca\/wp-json\/wp\/v2\/types\/post"}],"author":[{"embeddable":true,"href":"https:\/\/tucomarca.whitekongsoftware.com\/ca\/wp-json\/wp\/v2\/users\/12"}],"replies":[{"embeddable":true,"href":"https:\/\/tucomarca.whitekongsoftware.com\/ca\/wp-json\/wp\/v2\/comments?post=133426"}],"version-history":[{"count":0,"href":"https:\/\/tucomarca.whitekongsoftware.com\/ca\/wp-json\/wp\/v2\/posts\/133426\/revisions"}],"wp:featuredmedia":[{"embeddable":true,"href":"https:\/\/tucomarca.whitekongsoftware.com\/ca\/wp-json\/wp\/v2\/media\/133425"}],"wp:attachment":[{"href":"https:\/\/tucomarca.whitekongsoftware.com\/ca\/wp-json\/wp\/v2\/media?parent=133426"}],"wp:term":[{"taxonomy":"category","embeddable":true,"href":"https:\/\/tucomarca.whitekongsoftware.com\/ca\/wp-json\/wp\/v2\/categories?post=133426"},{"taxonomy":"post_tag","embeddable":true,"href":"https:\/\/tucomarca.whitekongsoftware.com\/ca\/wp-json\/wp\/v2\/tags?post=133426"}],"curies":[{"name":"wp","href":"https:\/\/api.w.org\/{rel}","templated":true}]}}