{"id":133420,"date":"2021-05-21T07:00:00","date_gmt":"2021-05-21T06:00:00","guid":{"rendered":"http:\/\/www.tucomarca.com\/wordpress\/segunda\/?p=133420"},"modified":"2021-05-21T11:22:59","modified_gmt":"2021-05-21T10:22:59","slug":"els-preus-de-cebes-i-creilles-es-desplomen-en-el-camp-i-es-multipliquen-per-deu-al-consumidor","status":"publish","type":"post","link":"https:\/\/tucomarca.whitekongsoftware.com\/ca\/els-preus-de-cebes-i-creilles-es-desplomen-en-el-camp-i-es-multipliquen-per-deu-al-consumidor\/","title":{"rendered":"Els preus de cebes i cre\u00eflles es desplomen en el camp i es multipliquen per deu al consumidor"},"content":{"rendered":"\n<p class=\"wp-block-paragraph\">L&#8217;actual campanya de cebes i cre\u00eflles ha tornat a posar al descobert els greus desequilibris que imperen en la cadena agroaliment\u00e0ria. L&#8217;Associaci\u00f3 Valenciana d&#8217;Agricultors (<em>AVA-<\/em>ASAJA) alerta que els preus que els operadors comercials estan oferint als productors s&#8217;han desplomat en les \u00faltimes setmanes fins a l&#8217;extrem de situar-se un 40% per davall dels costos de producci\u00f3. Mentrestant, aqueixes cotitzacions es multipliquen fins per deu del camp al consumidor.<\/p>\n\n\n\n<p class=\"wp-block-paragraph\">Tras un inicio dif\u00edcil con la cebolla tierna, la recolecci\u00f3n de la cebolla seca se caracteriz\u00f3 por una recuperaci\u00f3n de los precios. Tanto es as\u00ed que AVA-ASAJA denunci\u00f3 una ola de robos en varias comarcas valencianas coincidiendo con la mayor demanda. Sin embargo, la introducci\u00f3n de importaciones for\u00e1neas, sobre todo de Nueva Zelanda, que adem\u00e1s llegaron a Europa de golpe a causa del bloqueo accidental del Canal de Suez, est\u00e1 siendo utilizada por las compa\u00f1\u00edas comercializadoras como pretexto para presionar los precios a la baja de la producci\u00f3n aut\u00f3ctona.<\/p>\n\n\n\n<p class=\"wp-block-paragraph\">El responsable de la sectorial de hortalizas de AVA-ASAJA, Salvador Sabater, constata que \u201cnuestras cebollas est\u00e1n en perfectas condiciones para ser recogidas y consumidas. Venimos de un abril muy lluvioso en el que no pod\u00edamos avanzar porque la tierra ten\u00eda que estar seca. Pero justo ahora, por culpa de la irrupci\u00f3n de las importaciones, las compras se han paralizado e incluso escuchamos casos de comercios que tratan de revisar a la baja los tratos cerrados hace unos d\u00edas\u201d. Las \u00faltimas cotizaciones que se manejan en la huerta han ca\u00eddo hasta los 10 c\u00e9ntimos de euro por kilo, una cantidad ruinosa muy lejos de los costes de producci\u00f3n \u2013en torno a los 0,20 euros por kilogramo\u2013 que llevar\u00eda a muchos agricultores a destruir sus cosechas. Por el contrario, en muchos puntos de venta al p\u00fablico el precio se eleva a 1 euro por kilo. Informa, <strong>Luis Ib\u00e1\u00f1ez<\/strong>.<\/p>\n","protected":false},"excerpt":{"rendered":"<div class=\"mh-excerpt\">L&#8217;actual campanya de cebes i cre\u00eflles ha tornat a posar al descobert els greus desequilibris que imperen en la cadena agroaliment\u00e0ria. L&#8217;Associaci\u00f3 Valenciana d&#8217;Agricultors (AVA-ASAJA) alerta que els preus que els operadors comercials estan oferint <a class=\"mh-excerpt-more\" href=\"https:\/\/tucomarca.whitekongsoftware.com\/ca\/els-preus-de-cebes-i-creilles-es-desplomen-en-el-camp-i-es-multipliquen-per-deu-al-consumidor\/\" title=\"Els preus de cebes i cre\u00eflles es desplomen en el camp i es multipliquen per deu al consumidor\">[+] <\/a><\/div>\n","protected":false},"author":1,"featured_media":133410,"comment_status":"open","ping_status":"open","sticky":false,"template":"","format":"standard","meta":{"footnotes":""},"categories":[10905,10892,10898,10894,10904,10902,10903,10909,10896],"tags":[11309,11924],"class_list":["post-133420","post","type-post","status-publish","format-standard","has-post-thumbnail","category-agricultura-la-comarca-ca","category-camp-de-turia-ca","category-ventana-ca","category-la-comarca-ca","category-sin-categorizar-ca","category-la-ribera-ca","category-medio-ambiente-la-comarca-ca","category-requena-utiel-ca","category-seccion-ca","tag-agricultura-ca","tag-ava-asaja-ca"],"_links":{"self":[{"href":"https:\/\/tucomarca.whitekongsoftware.com\/ca\/wp-json\/wp\/v2\/posts\/133420","targetHints":{"allow":["GET"]}}],"collection":[{"href":"https:\/\/tucomarca.whitekongsoftware.com\/ca\/wp-json\/wp\/v2\/posts"}],"about":[{"href":"https:\/\/tucomarca.whitekongsoftware.com\/ca\/wp-json\/wp\/v2\/types\/post"}],"author":[{"embeddable":true,"href":"https:\/\/tucomarca.whitekongsoftware.com\/ca\/wp-json\/wp\/v2\/users\/1"}],"replies":[{"embeddable":true,"href":"https:\/\/tucomarca.whitekongsoftware.com\/ca\/wp-json\/wp\/v2\/comments?post=133420"}],"version-history":[{"count":0,"href":"https:\/\/tucomarca.whitekongsoftware.com\/ca\/wp-json\/wp\/v2\/posts\/133420\/revisions"}],"wp:featuredmedia":[{"embeddable":true,"href":"https:\/\/tucomarca.whitekongsoftware.com\/ca\/wp-json\/wp\/v2\/media\/133410"}],"wp:attachment":[{"href":"https:\/\/tucomarca.whitekongsoftware.com\/ca\/wp-json\/wp\/v2\/media?parent=133420"}],"wp:term":[{"taxonomy":"category","embeddable":true,"href":"https:\/\/tucomarca.whitekongsoftware.com\/ca\/wp-json\/wp\/v2\/categories?post=133420"},{"taxonomy":"post_tag","embeddable":true,"href":"https:\/\/tucomarca.whitekongsoftware.com\/ca\/wp-json\/wp\/v2\/tags?post=133420"}],"curies":[{"name":"wp","href":"https:\/\/api.w.org\/{rel}","templated":true}]}}