{"id":133183,"date":"2021-05-19T09:50:00","date_gmt":"2021-05-19T08:50:00","guid":{"rendered":"http:\/\/www.tucomarca.com\/wordpress\/segunda\/?p=133183"},"modified":"2021-05-19T10:55:16","modified_gmt":"2021-05-19T09:55:16","slug":"benaguasil-participa-en-la-setmana-verda-amb-la-ponencia-reutilitzacio-de-laigua-per-a-una-europa-mes-verda","status":"publish","type":"post","link":"https:\/\/tucomarca.whitekongsoftware.com\/ca\/benaguasil-participa-en-la-setmana-verda-amb-la-ponencia-reutilitzacio-de-laigua-per-a-una-europa-mes-verda\/","title":{"rendered":"Benaguasil participa en la Setmana Verda amb la pon\u00e8ncia &#8220;Reutilitzaci\u00f3 de l&#8217;aigua per a una Europa m\u00e9s verda&#8221;"},"content":{"rendered":"\n<h4 class=\"wp-block-heading\"><strong>La jornada tindr\u00e0 lloc de manera en l\u00ednia el dimarts, 25 de maig de 2021 a les 10,00 hores.<\/strong><\/h4>\n\n\n\n<p class=\"wp-block-paragraph\">L&#8217;Ajuntament de Benaguasil participar\u00e0 com a exemple de bones pr\u00e0ctiques en el webinario formatiu \u201cReutilitzaci\u00f3 de l&#8217;aigua per a una Europa m\u00e9s verda\u201d, que tindr\u00e0 lloc dimarts que ve 25 de maig a les 10,00 h,en el marc de la European Green Week (Setmana Verda Europea) organitzada per la Comissi\u00f3 Europea.<\/p>\n\n\n\n<p class=\"wp-block-paragraph\">El evento se celebrar\u00e1 forma online, y en \u00e9l se presentar\u00e1 la informaci\u00f3n m\u00e1s reciente disponible sobre la reutilizaci\u00f3n del agua en Europa presentando buenas pr\u00e1cticas y ejemplos de este \u00e1mbito en la UE.&nbsp;Tambi\u00e9n ofrecer\u00e1 a los responsables pol\u00edticos locales y regionales, as\u00ed como a las partes interesadas, informaci\u00f3n sobre los \u00faltimos desarrollos pol\u00edticos de la UE sobre el agua en la encrucijada entre la contaminaci\u00f3n cero, la econom\u00eda circular, la adaptaci\u00f3n al clima y la protecci\u00f3n de la naturaleza.<\/p>\n\n\n\n<p class=\"wp-block-paragraph\">En la jornada participar\u00e1n los concejales de Proyectos Europeos, Sostenibilidad y Urbanismo, Stephane Soriano, Patricia Merenciano y Pedro Peris, para poner en valor las diferentes actuaciones llevadas a cabo por el Ayuntamiento en relaci\u00f3n a un uso responsable y sostenible del agua. \u201cDesde el Ayuntamiento estamos comprometidos en la gesti\u00f3n sostenible de los recursos h\u00eddricos y por ello hemos desarrollado acciones que promueven un uso eficiente del agua para conseguir entornos m\u00e1s sostenibles mediante la implantaci\u00f3n de Sistemas Urbanos de Drenaje Sostenible (SUDS)\u201d, han se\u00f1alado.<\/p>\n\n\n\n<p class=\"wp-block-paragraph\">Las personas interesadas pueden consultar la informaci\u00f3n e inscribirse en el evento virtual en https:\/\/bit.ly\/33PH9iu<\/p>\n\n\n\n<p class=\"wp-block-paragraph\"><strong>European Green Week<\/strong><\/p>\n\n\n\n<p class=\"wp-block-paragraph\">El lema de la edici\u00f3n 2021 de la European Green Week es el de Contaminaci\u00f3n Cero para una poblaci\u00f3n y un planeta m\u00e1s sanos, un t\u00edtulo que refleja el firme compromiso de la Uni\u00f3n Europea para con la lucha contra el cambio clim\u00e1tico y la mitigaci\u00f3n de sus efectos a trav\u00e9s del Pacto Verde Europeo, en l\u00ednea con la Agenda 2030 y los ODS de la ONU.<\/p>\n","protected":false},"excerpt":{"rendered":"<div class=\"mh-excerpt\">La jornada tindr\u00e0 lloc de manera en l\u00ednia el dimarts, 25 de maig de 2021 a les 10,00 hores. L&#8217;Ajuntament de Benaguasil participar\u00e0 com a exemple de bones pr\u00e0ctiques en el webinario formatiu \u201cReutilitzaci\u00f3 de <a class=\"mh-excerpt-more\" href=\"https:\/\/tucomarca.whitekongsoftware.com\/ca\/benaguasil-participa-en-la-setmana-verda-amb-la-ponencia-reutilitzacio-de-laigua-per-a-una-europa-mes-verda\/\" title=\"Benaguasil participa en la Setmana Verda amb la pon\u00e8ncia &#8220;Reutilitzaci\u00f3 de l&#8217;aigua per a una Europa m\u00e9s verda&#8221;\">[+] <\/a><\/div>\n","protected":false},"author":1,"featured_media":133181,"comment_status":"open","ping_status":"open","sticky":false,"template":"","format":"standard","meta":{"footnotes":""},"categories":[11019,10952,10892,10948,10894,10903,10947,10896],"tags":[11136,10899,12166],"class_list":["post-133183","post","type-post","status-publish","format-standard","has-post-thumbnail","category-agenda-ca","category-benaguasil-ca","category-camp-de-turia-ca","category-infraestructuras-ca","category-la-comarca-ca","category-medio-ambiente-la-comarca-ca","category-politica","category-seccion-ca","tag-benaguasil-ca","tag-camp-de-turia-ca","tag-medio-ambiente-ca"],"_links":{"self":[{"href":"https:\/\/tucomarca.whitekongsoftware.com\/ca\/wp-json\/wp\/v2\/posts\/133183","targetHints":{"allow":["GET"]}}],"collection":[{"href":"https:\/\/tucomarca.whitekongsoftware.com\/ca\/wp-json\/wp\/v2\/posts"}],"about":[{"href":"https:\/\/tucomarca.whitekongsoftware.com\/ca\/wp-json\/wp\/v2\/types\/post"}],"author":[{"embeddable":true,"href":"https:\/\/tucomarca.whitekongsoftware.com\/ca\/wp-json\/wp\/v2\/users\/1"}],"replies":[{"embeddable":true,"href":"https:\/\/tucomarca.whitekongsoftware.com\/ca\/wp-json\/wp\/v2\/comments?post=133183"}],"version-history":[{"count":0,"href":"https:\/\/tucomarca.whitekongsoftware.com\/ca\/wp-json\/wp\/v2\/posts\/133183\/revisions"}],"wp:featuredmedia":[{"embeddable":true,"href":"https:\/\/tucomarca.whitekongsoftware.com\/ca\/wp-json\/wp\/v2\/media\/133181"}],"wp:attachment":[{"href":"https:\/\/tucomarca.whitekongsoftware.com\/ca\/wp-json\/wp\/v2\/media?parent=133183"}],"wp:term":[{"taxonomy":"category","embeddable":true,"href":"https:\/\/tucomarca.whitekongsoftware.com\/ca\/wp-json\/wp\/v2\/categories?post=133183"},{"taxonomy":"post_tag","embeddable":true,"href":"https:\/\/tucomarca.whitekongsoftware.com\/ca\/wp-json\/wp\/v2\/tags?post=133183"}],"curies":[{"name":"wp","href":"https:\/\/api.w.org\/{rel}","templated":true}]}}