{"id":133176,"date":"2021-05-19T08:30:00","date_gmt":"2021-05-19T07:30:00","guid":{"rendered":"http:\/\/www.tucomarca.com\/wordpress\/segunda\/?p=133176"},"modified":"2021-05-19T10:46:18","modified_gmt":"2021-05-19T09:46:18","slug":"lajuntament-de-vilamarxant-presenta-el-projecte-per-a-la-creacio-de-la-colleccio-museografica-municipal","status":"publish","type":"post","link":"https:\/\/tucomarca.whitekongsoftware.com\/ca\/lajuntament-de-vilamarxant-presenta-el-projecte-per-a-la-creacio-de-la-colleccio-museografica-municipal\/","title":{"rendered":"L&#8217;Ajuntament de Vilamarxant presenta el projecte per a la creaci\u00f3 de la col\u00b7lecci\u00f3 museogr\u00e0fica municipal"},"content":{"rendered":"\n<p class=\"wp-block-paragraph\">L&#8217;Ajuntament de Vilamarxant, a trav\u00e9s de la regidoria de Cultura, presenta el dissabte, 22 de maig, el projecte per a la creaci\u00f3 de la col\u00b7lecci\u00f3 museogr\u00e0fica municipal.<\/p>\n\n\n\n<p class=\"wp-block-paragraph\">La cita, que tindr\u00e0 lloc a les 19 hores en l&#8217;edifici de la Cisterna, comptar\u00e0 amb la participaci\u00f3 de l&#8217;alcalde H\u00e9ctor Troyano, el regidor de Cultura, Miguel Navarro, i els arque\u00f2legs i gestors culturals de T\u00e0ndem Patrimoni, Eva Bravo i David Vizcaino.<\/p>\n\n\n\n<p class=\"wp-block-paragraph\">Durant l&#8217;esdeveniment de presentaci\u00f3 s&#8217;exposar\u00e0 en qu\u00e8 consistir\u00e0 este ambici\u00f3s projecte patrimonial que sorprendr\u00e0 la ciutadania, que podr\u00e0 seguir-lo a trav\u00e9s de la p\u00e0gina de Facebook de l&#8217;Ajuntament de Vilamarxant.<\/p>\n\n\n\n<p class=\"wp-block-paragraph\">El regidor Miguel Navarro ha avan\u00e7at que este projecte captivar\u00e0 a la ciutadania: \u201cHem fet un gran esfor\u00e7 per a iniciar una iniciativa d&#8217;esta envergadura on tota la ciutadania es veur\u00e0 representada gr\u00e0cies als diferents b\u00e9ns patrimonials del nostre poble\u201d.<\/p>\n","protected":false},"excerpt":{"rendered":"<div class=\"mh-excerpt\">L&#8217;Ajuntament de Vilamarxant, a trav\u00e9s de la regidoria de Cultura, presenta el dissabte, 22 de maig, el projecte per a la creaci\u00f3 de la col\u00b7lecci\u00f3 museogr\u00e0fica municipal. La cita, que tindr\u00e0 lloc a les 19 <a class=\"mh-excerpt-more\" href=\"https:\/\/tucomarca.whitekongsoftware.com\/ca\/lajuntament-de-vilamarxant-presenta-el-projecte-per-a-la-creacio-de-la-colleccio-museografica-municipal\/\" title=\"L&#8217;Ajuntament de Vilamarxant presenta el projecte per a la creaci\u00f3 de la col\u00b7lecci\u00f3 museogr\u00e0fica municipal\">[+] <\/a><\/div>\n","protected":false},"author":1,"featured_media":108020,"comment_status":"open","ping_status":"open","sticky":false,"template":"","format":"standard","meta":{"footnotes":""},"categories":[10892,10948,10894,11007,10947,10896,10927],"tags":[10899,11090],"class_list":["post-133176","post","type-post","status-publish","format-standard","has-post-thumbnail","category-camp-de-turia-ca","category-infraestructuras-ca","category-la-comarca-ca","category-ocio-y-cultura-ca","category-politica","category-seccion-ca","category-vilamarxant-ca","tag-camp-de-turia-ca","tag-vilamarxant-ca"],"_links":{"self":[{"href":"https:\/\/tucomarca.whitekongsoftware.com\/ca\/wp-json\/wp\/v2\/posts\/133176","targetHints":{"allow":["GET"]}}],"collection":[{"href":"https:\/\/tucomarca.whitekongsoftware.com\/ca\/wp-json\/wp\/v2\/posts"}],"about":[{"href":"https:\/\/tucomarca.whitekongsoftware.com\/ca\/wp-json\/wp\/v2\/types\/post"}],"author":[{"embeddable":true,"href":"https:\/\/tucomarca.whitekongsoftware.com\/ca\/wp-json\/wp\/v2\/users\/1"}],"replies":[{"embeddable":true,"href":"https:\/\/tucomarca.whitekongsoftware.com\/ca\/wp-json\/wp\/v2\/comments?post=133176"}],"version-history":[{"count":0,"href":"https:\/\/tucomarca.whitekongsoftware.com\/ca\/wp-json\/wp\/v2\/posts\/133176\/revisions"}],"wp:featuredmedia":[{"embeddable":true,"href":"https:\/\/tucomarca.whitekongsoftware.com\/ca\/wp-json\/wp\/v2\/media\/108020"}],"wp:attachment":[{"href":"https:\/\/tucomarca.whitekongsoftware.com\/ca\/wp-json\/wp\/v2\/media?parent=133176"}],"wp:term":[{"taxonomy":"category","embeddable":true,"href":"https:\/\/tucomarca.whitekongsoftware.com\/ca\/wp-json\/wp\/v2\/categories?post=133176"},{"taxonomy":"post_tag","embeddable":true,"href":"https:\/\/tucomarca.whitekongsoftware.com\/ca\/wp-json\/wp\/v2\/tags?post=133176"}],"curies":[{"name":"wp","href":"https:\/\/api.w.org\/{rel}","templated":true}]}}