{"id":133126,"date":"2021-05-18T09:02:00","date_gmt":"2021-05-18T08:02:00","guid":{"rendered":"http:\/\/www.tucomarca.com\/wordpress\/segunda\/?p=133126"},"modified":"2021-05-18T10:08:58","modified_gmt":"2021-05-18T09:08:58","slug":"riba-roja-de-turia-promoura-campanyes-en-favor-del-collectiu-lgtbi-i-lluitara-contra-la-seua-discriminacio","status":"publish","type":"post","link":"https:\/\/tucomarca.whitekongsoftware.com\/ca\/riba-roja-de-turia-promoura-campanyes-en-favor-del-collectiu-lgtbi-i-lluitara-contra-la-seua-discriminacio\/","title":{"rendered":"Riba-roja de T\u00faria promour\u00e0 campanyes en favor del col\u00b7lectiu LGTBI i lluitar\u00e0 contra la seua discriminaci\u00f3"},"content":{"rendered":"\n<h4 class=\"wp-block-heading\">El ple municipal aprova commemorar el Dia de l&#8217;Orgull LGTBI<\/h4>\n\n\n\n<p class=\"wp-block-paragraph\">El ple municipal de Riba-roja de T\u00faria ha aprovat una moci\u00f3 en la qual s&#8217;aprova la commemoraci\u00f3 del Dia de l&#8217;Orgull LGTBI i la redacci\u00f3 d&#8217;una declaraci\u00f3 institucional consensuada pels partits pol\u00edtics de la corporaci\u00f3. La proposta del ple ha sigut consensuada de manera conjunta entre l&#8217;equip de govern del PSPV i els restants partits de Comprom\u00eds, Partit Popular, Ciutadans, Esquerra Unida i Podem Riba-roja Pot mentre que Vox ha votat en contra.&nbsp;<\/p>\n\n\n\n<p class=\"wp-block-paragraph\">La moci\u00f3 municipal de Riba-roja de T\u00faria compromet a l&#8217;ajuntament a promoure activitats relacionades amb la promoci\u00f3 de la igualtat de les persones en la confecci\u00f3 de les quals participaran els partits pol\u00edtics municipals sin\u00f3 tamb\u00e9 les associacions i entitats implicades en la lluita per la igualtat de drets del col\u00b7lectiu LGTBI que aix\u00ed ho consideren.&nbsp;<\/p>\n\n\n\n<p class=\"wp-block-paragraph\">L&#8217;Ajuntament de Riba-roja incorporar\u00e0, a m\u00e9s, els corresponents serveis de suport i orientaci\u00f3 LGTBI des del departament d&#8217;Igualtat i de promoci\u00f3 de la salut afectiva i sexual. Aquesta iniciativa pret\u00e9n ser una eina d&#8217;ajuda davant possibles discriminacions que puguen patir en aquesta localitat totes les persones del col\u00b7lectiu LGTBI.&nbsp;<\/p>\n\n\n\n<p class=\"wp-block-paragraph\">El ple de Riba-roja de T\u00faria ha realitzat, al mateix temps, una den\u00fancia expl\u00edcita contra la LGTBI-F\u00f2bia i ha expressat un comprom\u00eds conc\u00eds de posada en marxa de mesures per a erradicar aquesta xacra social, de manera que es garantisca una atenci\u00f3 integral a totes les persones que hagen pogut patir algun tipus de discriminaci\u00f3 o que han sigut objecte d&#8217;un delicte d&#8217;odi.&nbsp;<\/p>\n\n\n\n<p class=\"wp-block-paragraph\">El consistori de Riba-roja far\u00e0 costat a les associacions que, dia rere dia, lluiten per visibilitzar la realitat del col\u00b7lectiu i per fer efectius els drets d&#8217;aquest, amb una especial atenci\u00f3 a la protecci\u00f3 dels drets dels menors nascuts en el si de fam\u00edlies diverses. Per aix\u00f2, el dia 17 de maig es realitza un acte de suport al moviment, visible per a la ciutadania i sempre amb el compliment de les mesures sanit\u00e0ries exigibles.&nbsp;<\/p>\n\n\n\n<p class=\"wp-block-paragraph\">El text confirmat pel ple municipal de Riba-roja de T\u00faria considera \u201cpreocupant\u201d la discriminaci\u00f3 del col\u00b7lectiu LGTBI a Espanya ja que, segons alguns estudis, al voltant d&#8217;un 30% de les persones homosexuals han patit discriminaci\u00f3 laboral d&#8217;algun tipus i mostra la preocupaci\u00f3 davant les dades que afecten els joves, amb m\u00e9s del 70% que han patit discriminaci\u00f3 en el seu centre d&#8217;estudis i un 83% no han pres cap mena de mesura sobre aquest tema.&nbsp;<\/p>\n\n\n\n<p class=\"wp-block-paragraph\">Per tot aix\u00f2, el ple municipal remarca \u201cel comprom\u00eds institucional\u201d en la premissa que tots els \u00e9ssers humans \u201cnaixen lliures i iguals en dignitat i drets\u201d tal com reconeix la Declaraci\u00f3 Universal de Drets Humans, la qual cosa, en paraules dels partits signants, ha de servir \u201cper a sumar-nos al conjunt d&#8217;actuacions des d&#8217;una perspectiva municipal, amb la consecuci\u00f3 real d&#8217;aquesta premissa que en Riba-roja no t\u00e9 cabuda la discriminaci\u00f3\u201d.&nbsp;<\/p>\n\n\n\n<p class=\"wp-block-paragraph\">La moci\u00f3 recorda que l&#8217;\u00e0rea d&#8217;Igualtat de Riba-roja de T\u00faria ha desenvolupat formacions en aquesta mat\u00e8ria al professorat dels centres educatius de prim\u00e0ria, sense oblidar que en les dues biblioteques municipals existeixen lectures que reflecteixen la diversitat afectiva sexual, campanyes de visibilitat i conscienciaci\u00f3 sobre la diversitat sexual amb un \u201ccinema f\u00f2rum\u201d, conta-contes per als m\u00e9s xicotets i una coordinaci\u00f3 amb \u201cOrienta\u201d.&nbsp;<\/p>\n\n\n\n<p class=\"wp-block-paragraph\">\u201cA Riba-roja de T\u00faria no estem al marge de les discriminacions que s&#8217;han produ\u00eft fins als nostres dies i que han patit moltes persones durant massa temps. Les discriminacions s\u00f3n i han sigut una realitat social dif\u00edcil d&#8217;erradicar, la qual cosa ha d&#8217;animar-nos a sumar esfor\u00e7os i a contribuir a l&#8217;esfor\u00e7 d&#8217;associacions i activistes, amb l&#8217;aprovaci\u00f3 d&#8217;aquesta moci\u00f3, el nostre municipi continuar\u00e0 sent un referent a la comarca en el reconeixement de la igualtat i del suport al col\u00b7lectiu LGTBI\u201d, conclou el text municipal.<\/p>\n\n\n\n<p class=\"wp-block-paragraph\"><\/p>\n","protected":false},"excerpt":{"rendered":"<div class=\"mh-excerpt\">El ple municipal aprova commemorar el Dia de l&#8217;Orgull LGTBI El ple municipal de Riba-roja de T\u00faria ha aprovat una moci\u00f3 en la qual s&#8217;aprova la commemoraci\u00f3 del Dia de l&#8217;Orgull LGTBI i la redacci\u00f3 <a class=\"mh-excerpt-more\" href=\"https:\/\/tucomarca.whitekongsoftware.com\/ca\/riba-roja-de-turia-promoura-campanyes-en-favor-del-collectiu-lgtbi-i-lluitara-contra-la-seua-discriminacio\/\" title=\"Riba-roja de T\u00faria promour\u00e0 campanyes en favor del col\u00b7lectiu LGTBI i lluitar\u00e0 contra la seua discriminaci\u00f3\">[+] <\/a><\/div>\n","protected":false},"author":12,"featured_media":133124,"comment_status":"open","ping_status":"open","sticky":false,"template":"","format":"standard","meta":{"footnotes":""},"categories":[10892,10894,10947,10906,10896],"tags":[10899,14600,14601,10907],"class_list":["post-133126","post","type-post","status-publish","format-standard","has-post-thumbnail","category-camp-de-turia-ca","category-la-comarca-ca","category-politica","category-riba-roja-ca","category-seccion-ca","tag-camp-de-turia-ca","tag-colectivo-lgtbi-ca","tag-lgtbi-fobia-ca","tag-riba-roja-del-turia-ca"],"_links":{"self":[{"href":"https:\/\/tucomarca.whitekongsoftware.com\/ca\/wp-json\/wp\/v2\/posts\/133126","targetHints":{"allow":["GET"]}}],"collection":[{"href":"https:\/\/tucomarca.whitekongsoftware.com\/ca\/wp-json\/wp\/v2\/posts"}],"about":[{"href":"https:\/\/tucomarca.whitekongsoftware.com\/ca\/wp-json\/wp\/v2\/types\/post"}],"author":[{"embeddable":true,"href":"https:\/\/tucomarca.whitekongsoftware.com\/ca\/wp-json\/wp\/v2\/users\/12"}],"replies":[{"embeddable":true,"href":"https:\/\/tucomarca.whitekongsoftware.com\/ca\/wp-json\/wp\/v2\/comments?post=133126"}],"version-history":[{"count":0,"href":"https:\/\/tucomarca.whitekongsoftware.com\/ca\/wp-json\/wp\/v2\/posts\/133126\/revisions"}],"wp:featuredmedia":[{"embeddable":true,"href":"https:\/\/tucomarca.whitekongsoftware.com\/ca\/wp-json\/wp\/v2\/media\/133124"}],"wp:attachment":[{"href":"https:\/\/tucomarca.whitekongsoftware.com\/ca\/wp-json\/wp\/v2\/media?parent=133126"}],"wp:term":[{"taxonomy":"category","embeddable":true,"href":"https:\/\/tucomarca.whitekongsoftware.com\/ca\/wp-json\/wp\/v2\/categories?post=133126"},{"taxonomy":"post_tag","embeddable":true,"href":"https:\/\/tucomarca.whitekongsoftware.com\/ca\/wp-json\/wp\/v2\/tags?post=133126"}],"curies":[{"name":"wp","href":"https:\/\/api.w.org\/{rel}","templated":true}]}}