{"id":132977,"date":"2021-05-12T19:40:00","date_gmt":"2021-05-12T18:40:00","guid":{"rendered":"http:\/\/www.tucomarca.com\/wordpress\/segunda\/?p=132977"},"modified":"2021-05-14T19:44:39","modified_gmt":"2021-05-14T18:44:39","slug":"montroi-concedix-a-la-diputacio-el-premi-abelleta-dor-pel-seu-suport-a-la-fira-valenciana-de-la-mel","status":"publish","type":"post","link":"https:\/\/tucomarca.whitekongsoftware.com\/ca\/montroi-concedix-a-la-diputacio-el-premi-abelleta-dor-pel-seu-suport-a-la-fira-valenciana-de-la-mel\/","title":{"rendered":"Montroi concedix a la Diputaci\u00f3 el premi \u2018Abelleta d\u2019or\u2019 pel seu suport a la Fira Valenciana de la Mel"},"content":{"rendered":"\n<h4 class=\"wp-block-heading\"><strong><strong>L&#8217;alcalde, Manuel Blanco, i el director de Fivamel, Carles Galletero, visiten la corporaci\u00f3 amb motiu del 25 aniversari del certamen. El president Gaspar recollir\u00e0 el guard\u00f3 al novembre<\/strong><\/strong><\/h4>\n\n\n\n<h4 class=\"wp-block-heading\"><strong><strong>La corporaci\u00f3 provincial col\u00b7labora en l&#8217;organitzaci\u00f3 de la fira, en el concurs d&#8217;apicultors que se celebrar\u00e0 una setmana abans en el Veles e Vents i en les activitats del museu ap\u00edcola de la localitat<\/strong><\/strong><\/h4>\n\n\n\n<p class=\"wp-block-paragraph\">La Diputaci\u00f3 de Val\u00e8ncia ha sigut guardonada amb el premi \u2018Abelleta d\u2019or\u2019 que concedix la comunitat ap\u00edcola valenciana i que s&#8217;entrega a Montroi durant la celebraci\u00f3 de la Fira Valenciana de la Mel (Fivamel). Aix\u00ed li ho ha traslladat este dimarts al president Gaspar el director del certamen, Carles Galletero, qui ha visitat la corporaci\u00f3 provincial acompanyat per l&#8217;alcalde de Montroi, Manuel Blanco.<\/p>\n\n\n\n<p class=\"wp-block-paragraph\">L&#8217;Ajuntament de Montroi i els responsables d&#8217;esta fira que va n\u00e0ixer en 1996, fruit de l&#8217;acord entre apicultors i empresaris ap\u00edcoles de la Vall dels Alcalans, han volgut recon\u00e9ixer \u201cla implicaci\u00f3 i el suport de la Diputaci\u00f3 en l&#8217;organitzaci\u00f3 i l&#8217;impuls del certamen, en les activitats paral\u00b7leles i tamb\u00e9 en el primer museu ap\u00edcola en la Comunitat, amb el qual col\u00b7laboren de manera permanent tant el Patronat de Turisme com el Museu d\u2019Etnologia\u201d.<\/p>\n\n\n\n<p class=\"wp-block-paragraph\">Ho explica Carles Galletero, que destaca la \u201cgran quantitat de mels valencianes, entre elles la de taronger, la de romer i la multifloral\u201d, per\u00f2 tamb\u00e9 la \u201cvarietat de productes relacionats amb la mel\u201d, cas de pr\u00f2polis, gelea reial, pol\u00b7len, cera verge i elaboracions artesanes de torrons, caramels, embotits, formatges, vins i misteles, que tenen cabuda en una fira que en novembre complir\u00e0 un quart de segle.<\/p>\n\n\n\n<p class=\"wp-block-paragraph\">El president de la Diputaci\u00f3, Toni Gaspar, rebr\u00e0 el guard\u00f3 el 12 de novembre durant l&#8217;obertura de Fivamel, un dels cert\u00e0mens m\u00e9s prestigiosos que se celebren a La Ribera, amb epicentre a la Vall dels Alcalans, on es troben les principals envasadores de mel d&#8217;Espanya.<\/p>\n\n\n\n<p class=\"wp-block-paragraph\">Una setmana abans, l&#8217;edifici Veles e Vents de Val\u00e8ncia acollir\u00e0 el concurs de mels en el qual participaran els millors apicultors, un esdeveniment en el qual tamb\u00e9 col\u00b7laborar\u00e0 la Diputaci\u00f3 de Val\u00e8ncia, que rep un reconeixement que abans van tindre altres institucions i c\u00e0rrecs p\u00fablics, aix\u00ed com professionals del sector i organitzacions com Greenpeace que han contribu\u00eft a difondre la cultura de la mel i la seua tradici\u00f3 en terres valencianes.<\/p>\n","protected":false},"excerpt":{"rendered":"<div class=\"mh-excerpt\">L&#8217;alcalde, Manuel Blanco, i el director de Fivamel, Carles Galletero, visiten la corporaci\u00f3 amb motiu del 25 aniversari del certamen. El president Gaspar recollir\u00e0 el guard\u00f3 al novembre La corporaci\u00f3 provincial col\u00b7labora en l&#8217;organitzaci\u00f3 de <a class=\"mh-excerpt-more\" href=\"https:\/\/tucomarca.whitekongsoftware.com\/ca\/montroi-concedix-a-la-diputacio-el-premi-abelleta-dor-pel-seu-suport-a-la-fira-valenciana-de-la-mel\/\" title=\"Montroi concedix a la Diputaci\u00f3 el premi \u2018Abelleta d\u2019or\u2019 pel seu suport a la Fira Valenciana de la Mel\">[+] <\/a><\/div>\n","protected":false},"author":1,"featured_media":132975,"comment_status":"open","ping_status":"open","sticky":false,"template":"","format":"standard","meta":{"footnotes":""},"categories":[10905,10948,10894,10902,10903,11001,10947,10896],"tags":[11246,13924],"class_list":["post-132977","post","type-post","status-publish","format-standard","has-post-thumbnail","category-agricultura-la-comarca-ca","category-infraestructuras-ca","category-la-comarca-ca","category-la-ribera-ca","category-medio-ambiente-la-comarca-ca","category-montroi-ca","category-politica","category-seccion-ca","tag-diputacio-de-valencia-ca","tag-montroi-ca"],"_links":{"self":[{"href":"https:\/\/tucomarca.whitekongsoftware.com\/ca\/wp-json\/wp\/v2\/posts\/132977","targetHints":{"allow":["GET"]}}],"collection":[{"href":"https:\/\/tucomarca.whitekongsoftware.com\/ca\/wp-json\/wp\/v2\/posts"}],"about":[{"href":"https:\/\/tucomarca.whitekongsoftware.com\/ca\/wp-json\/wp\/v2\/types\/post"}],"author":[{"embeddable":true,"href":"https:\/\/tucomarca.whitekongsoftware.com\/ca\/wp-json\/wp\/v2\/users\/1"}],"replies":[{"embeddable":true,"href":"https:\/\/tucomarca.whitekongsoftware.com\/ca\/wp-json\/wp\/v2\/comments?post=132977"}],"version-history":[{"count":0,"href":"https:\/\/tucomarca.whitekongsoftware.com\/ca\/wp-json\/wp\/v2\/posts\/132977\/revisions"}],"wp:featuredmedia":[{"embeddable":true,"href":"https:\/\/tucomarca.whitekongsoftware.com\/ca\/wp-json\/wp\/v2\/media\/132975"}],"wp:attachment":[{"href":"https:\/\/tucomarca.whitekongsoftware.com\/ca\/wp-json\/wp\/v2\/media?parent=132977"}],"wp:term":[{"taxonomy":"category","embeddable":true,"href":"https:\/\/tucomarca.whitekongsoftware.com\/ca\/wp-json\/wp\/v2\/categories?post=132977"},{"taxonomy":"post_tag","embeddable":true,"href":"https:\/\/tucomarca.whitekongsoftware.com\/ca\/wp-json\/wp\/v2\/tags?post=132977"}],"curies":[{"name":"wp","href":"https:\/\/api.w.org\/{rel}","templated":true}]}}