{"id":132926,"date":"2021-05-14T08:59:00","date_gmt":"2021-05-14T07:59:00","guid":{"rendered":"http:\/\/www.tucomarca.com\/wordpress\/segunda\/?p=132926"},"modified":"2021-05-14T14:05:47","modified_gmt":"2021-05-14T13:05:47","slug":"la-diputacio-convida-a-viure-valencia-en-fitur-2021","status":"publish","type":"post","link":"https:\/\/tucomarca.whitekongsoftware.com\/ca\/la-diputacio-convida-a-viure-valencia-en-fitur-2021\/","title":{"rendered":"La Diputaci\u00f3 convida a \u2018viure\u2019 Val\u00e8ncia en Fitur 2021"},"content":{"rendered":"\n<h4 class=\"wp-block-heading\"><strong><strong>La corporaci\u00f3, amb la seua marca Val\u00e8ncia Turisme, participar\u00e0 en el certamen internacional presentant l&#8217;oferta de Gandia, Cullera, Oliva, Sagunt, Canet i altres 27 municipis i mancomunitats de la prov\u00edncia, al costat de 59 empreses del sector<\/strong><\/strong><\/h4>\n\n\n\n<figure class=\"wp-block-embed is-type-video is-provider-youtube wp-block-embed-youtube wp-embed-aspect-16-9 wp-has-aspect-ratio\"><div class=\"wp-block-embed__wrapper\">\n<iframe loading=\"lazy\" title=\"La Diputaci\u00f3 convida a \u2018viure\u2019 Val\u00e8ncia en Fitur 2021\" width=\"500\" height=\"281\" src=\"https:\/\/www.youtube.com\/embed\/7Thdwzy4t-8?feature=oembed\" frameborder=\"0\" allow=\"accelerometer; autoplay; clipboard-write; encrypted-media; gyroscope; picture-in-picture; web-share\" referrerpolicy=\"strict-origin-when-cross-origin\" allowfullscreen><\/iframe>\n<\/div><\/figure>\n\n\n\n<p class=\"wp-block-paragraph\">La Diputaci\u00f3 de Val\u00e8ncia, amb la seua marca tur\u00edstica Val\u00e8ncia Turisme, tindr\u00e0 un any m\u00e9s una pres\u00e8ncia activa en la Fira Internacional de Turisme (FITUR) que se celebrar\u00e0 a Madrid del 19 al 23 de maig, en la qual convidar\u00e0 a \u2018viure\u2019 Val\u00e8ncia en les seues m\u00faltiples facetes i nombroses possibilitats d&#8217;experi\u00e8ncies mitjan\u00e7ant la campanya \u2018Somies Val\u00e8ncia, Viu-la!\u2019<\/p>\n\n\n\n<p class=\"wp-block-paragraph\">El diputat de Turisme, Jordi Mayor, ha destacat que &#8220;anem cap a unes setmanes importants per al turisme, en les quals Val\u00e8ncia Turisme i tota la prov\u00edncia acudixen a la nova edici\u00f3 de FITUR amb els deures fets. Des del sector i les institucions s&#8217;ha treballat molt i b\u00e9 en l\u2019\u00faltim any, la qual cosa provocar\u00e0 que este estiu donem molt a parlar, amb previsi\u00f3 de bones xifres per al sector&#8221;.<\/p>\n\n\n\n<p class=\"wp-block-paragraph\">A m\u00e9s, ha explicat que les claus de les accions realitzades han sigut &#8220;la suma d&#8217;esfor\u00e7os i la capacitat d&#8217;adaptaci\u00f3 a la realitat i superaci\u00f3 per part de tots els agents implicats en la recuperaci\u00f3 i projecci\u00f3 del turisme a la prov\u00edncia&#8221;, la qual cosa en la seua opini\u00f3 ha perm\u00e9s cr\u00e9ixer en la &#8220;construcci\u00f3 del dest\u00ed Val\u00e8ncia entre tots, com un dest\u00ed amable, polivalent, desestacionalitzat, intel\u00b7ligent i sostenible, en el qual cada localitat o producte s\u00e0pia quines s\u00f3n les seues fortaleses i estrat\u00e8gies a implementar per a ser m\u00e9s competitiu&#8221;.<\/p>\n\n\n\n<p class=\"wp-block-paragraph\"><strong>Una prov\u00edncia en 205 metres quadrats<\/strong><\/p>\n\n\n\n<p class=\"wp-block-paragraph\">Val\u00e8ncia Turisme ocupar\u00e0 en Fitur una superf\u00edcie de 205 metres quadrats en l&#8217;estand de la Comunitat Valenciana per a representar l&#8217;oferta de tota la prov\u00edncia; concretament 27 municipis i mancomunitats que compartiran espai amb Gandia, Cullera, Sagunt, Canet d&#8217;en Berenguer i Oliva, que participen tamb\u00e9 com coexpositors i principals destins de la prov\u00edncia, a m\u00e9s de 59 empreses del sector tur\u00edstic.<\/p>\n\n\n\n<p class=\"wp-block-paragraph\">La marca de la Diputaci\u00f3 de Val\u00e8ncia se servir\u00e0, per a aix\u00f2, de cinc pantalles t\u00e0ctils, dos panells amb codis QR amb informaci\u00f3 tur\u00edstica descargable, 13 demostracions gastron\u00f2miques i huit presentacions de producte audiovisuals, i quatre presentacions en la pla\u00e7a central de l&#8217;estand de la Comunitat.<\/p>\n\n\n\n<p class=\"wp-block-paragraph\">Aix\u00ed mateix, l&#8217;estand comptar\u00e0 amb una zona de reunions presencials per a empreses, en la qual tamb\u00e9 est\u00e0 previst celebrar una ronda de reunions entre el president de la Diputaci\u00f3, Toni Gaspar, el diputat de Turisme, Jordi Mayor, i els representants dels destins presencials per a analitzar les perspectives tur\u00edstiques de cara a la temporada estival i la resta de l&#8217;any.<\/p>\n\n\n\n<p class=\"wp-block-paragraph\">Tot aix\u00f2 marcat per les restriccions i mesures de seguretat que exigixen actualment les condicions sanit\u00e0ries, amb senyalitzaci\u00f3 d&#8217;accessos i eixides, mobilitat limitada i dist\u00e0ncies de seguretat, entre altres.<\/p>\n\n\n\n<p class=\"wp-block-paragraph\"><strong>Altres productes i espais<\/strong><\/p>\n\n\n\n<p class=\"wp-block-paragraph\">D&#8217;altra banda, Val\u00e8ncia Turisme ha reeditat enguany el seu Cat\u00e0leg de Productes Tur\u00edstics, incrementant el seu contingut en una vintena d&#8217;opcions fins a recollir un centenar de propostes dirigides a diferents segments tur\u00edstics, com el turisme cultural, gastron\u00f2mic i actiu.<\/p>\n\n\n\n<p class=\"wp-block-paragraph\">Val\u00e8ncia Turisme tamb\u00e9 ser\u00e0 present en altres espais de FITUR, com l&#8217;espai LGTQ+B i el destinat a la promoci\u00f3 de la ind\u00fastria cinematogr\u00e0fica a la prov\u00edncia, a trav\u00e9s de Film Val\u00e8ncia, en els quals es perseguix mostrar una oferta tur\u00edstica dels municipis m\u00e9s diversificada i completa, tractant d&#8217;oferir una imatge complement\u00e0ria cap a un p\u00fablic m\u00e9s segmentat.<\/p>\n","protected":false},"excerpt":{"rendered":"<div class=\"mh-excerpt\">La corporaci\u00f3, amb la seua marca Val\u00e8ncia Turisme, participar\u00e0 en el certamen internacional presentant l&#8217;oferta de Gandia, Cullera, Oliva, Sagunt, Canet i altres 27 municipis i mancomunitats de la prov\u00edncia, al costat de 59 empreses <a class=\"mh-excerpt-more\" href=\"https:\/\/tucomarca.whitekongsoftware.com\/ca\/la-diputacio-convida-a-viure-valencia-en-fitur-2021\/\" title=\"La Diputaci\u00f3 convida a \u2018viure\u2019 Val\u00e8ncia en Fitur 2021\">[+] <\/a><\/div>\n","protected":false},"author":1,"featured_media":132929,"comment_status":"open","ping_status":"open","sticky":false,"template":"","format":"video","meta":{"footnotes":""},"categories":[10898,10948,10894,10904,11007,10947,10896,11062],"tags":[11246,11441,14581,11404],"class_list":["post-132926","post","type-post","status-publish","format-video","has-post-thumbnail","category-ventana-ca","category-infraestructuras-ca","category-la-comarca-ca","category-sin-categorizar-ca","category-ocio-y-cultura-ca","category-politica","category-seccion-ca","category-videos","tag-diputacio-de-valencia-ca","tag-fitur-ca","tag-fitur-2021-ca","tag-valencia-turisme-ca","post_format-post-format-video"],"_links":{"self":[{"href":"https:\/\/tucomarca.whitekongsoftware.com\/ca\/wp-json\/wp\/v2\/posts\/132926","targetHints":{"allow":["GET"]}}],"collection":[{"href":"https:\/\/tucomarca.whitekongsoftware.com\/ca\/wp-json\/wp\/v2\/posts"}],"about":[{"href":"https:\/\/tucomarca.whitekongsoftware.com\/ca\/wp-json\/wp\/v2\/types\/post"}],"author":[{"embeddable":true,"href":"https:\/\/tucomarca.whitekongsoftware.com\/ca\/wp-json\/wp\/v2\/users\/1"}],"replies":[{"embeddable":true,"href":"https:\/\/tucomarca.whitekongsoftware.com\/ca\/wp-json\/wp\/v2\/comments?post=132926"}],"version-history":[{"count":0,"href":"https:\/\/tucomarca.whitekongsoftware.com\/ca\/wp-json\/wp\/v2\/posts\/132926\/revisions"}],"wp:featuredmedia":[{"embeddable":true,"href":"https:\/\/tucomarca.whitekongsoftware.com\/ca\/wp-json\/wp\/v2\/media\/132929"}],"wp:attachment":[{"href":"https:\/\/tucomarca.whitekongsoftware.com\/ca\/wp-json\/wp\/v2\/media?parent=132926"}],"wp:term":[{"taxonomy":"category","embeddable":true,"href":"https:\/\/tucomarca.whitekongsoftware.com\/ca\/wp-json\/wp\/v2\/categories?post=132926"},{"taxonomy":"post_tag","embeddable":true,"href":"https:\/\/tucomarca.whitekongsoftware.com\/ca\/wp-json\/wp\/v2\/tags?post=132926"}],"curies":[{"name":"wp","href":"https:\/\/api.w.org\/{rel}","templated":true}]}}