{"id":132916,"date":"2021-05-14T08:52:00","date_gmt":"2021-05-14T07:52:00","guid":{"rendered":"http:\/\/www.tucomarca.com\/wordpress\/segunda\/?p=132916"},"modified":"2021-05-14T13:53:34","modified_gmt":"2021-05-14T12:53:34","slug":"vilamarxant-comptara-amb-un-servei-dassessorament-als-agricultors","status":"publish","type":"post","link":"https:\/\/tucomarca.whitekongsoftware.com\/ca\/vilamarxant-comptara-amb-un-servei-dassessorament-als-agricultors\/","title":{"rendered":"Vilamarxant comptar\u00e0 amb un servei d&#8217;assessorament als agricultors"},"content":{"rendered":"\n<p class=\"wp-block-paragraph\">L&#8217;Ajuntament de Vilamarxant comptar\u00e0 amb un nou servei d&#8217;assessorament per als agricultors del municipi amb l&#8217;objectiu de resoldre tots els dubtes que puguen tindre en el desenvolupament dels seus cultius, la sol\u00b7licitud d&#8217;ajudes i subvencions o qualsevol altre tema relacionat amb la seua \u00e0rea de treball.<\/p>\n\n\n\n<p class=\"wp-block-paragraph\">Este servei, que comen\u00e7ar\u00e0 a oferir-se el pr\u00f2xim 18 de maig, es prestar\u00e0 tots els dimarts en la tercera planta de l&#8217;Edifici Nou de l&#8217;Ajuntament en horari de 10 a 14 hores.<\/p>\n\n\n\n<p class=\"wp-block-paragraph\">Des de l&#8217;\u00e0rea d&#8217;Agricultura, dirigida per Ciro Ferrer, est\u00e0 prevista l&#8217;organitzaci\u00f3 de diversos cursos i jornades destinades als agricultors durant els pr\u00f2xims mesos. Esta iniciativa permetr\u00e0 a les persones que treballen els camps continuar formant-se per a traure major rendiment a la seua activitat professional.<\/p>\n\n\n\n<p class=\"wp-block-paragraph\">Durant el mes de maig s&#8217;impartir\u00e0 el Curs d&#8217;Usuari Professional de Productes Fitosanitaris, primera formaci\u00f3 que se celebrar\u00e0 dins d&#8217;esta ambiciosa programaci\u00f3 que tamb\u00e9 servir\u00e0 per a renovar capacitacions als agricultors que ja la posse\u00efsquen.<\/p>\n\n\n\n<p class=\"wp-block-paragraph\">Ciro Ferrer, regidor d&#8217;Agricultura, ha explicat la import\u00e0ncia d\u2019estos nous serveis que es posen en marxa: \u201cSom conscients que Vilamarxant \u00e9s un poble agr\u00edcola i considerem que \u00e9s fonamental recolzar al sector agrari, ja que suposa un impacte positiu per a l&#8217;economia del municipi. Aix\u00ed mateix, tamb\u00e9 \u00e9s important perqu\u00e8 aportar\u00e0 eines per a la conservaci\u00f3 del nostre medi natural\u201d.<\/p>\n","protected":false},"excerpt":{"rendered":"<div class=\"mh-excerpt\">L&#8217;Ajuntament de Vilamarxant comptar\u00e0 amb un nou servei d&#8217;assessorament per als agricultors del municipi amb l&#8217;objectiu de resoldre tots els dubtes que puguen tindre en el desenvolupament dels seus cultius, la sol\u00b7licitud d&#8217;ajudes i subvencions <a class=\"mh-excerpt-more\" href=\"https:\/\/tucomarca.whitekongsoftware.com\/ca\/vilamarxant-comptara-amb-un-servei-dassessorament-als-agricultors\/\" title=\"Vilamarxant comptar\u00e0 amb un servei d&#8217;assessorament als agricultors\">[+] <\/a><\/div>\n","protected":false},"author":1,"featured_media":132914,"comment_status":"open","ping_status":"open","sticky":false,"template":"","format":"standard","meta":{"footnotes":""},"categories":[10905,10892,10948,10894,10904,10947,10896,10927],"tags":[11309,10899,11090],"class_list":["post-132916","post","type-post","status-publish","format-standard","has-post-thumbnail","category-agricultura-la-comarca-ca","category-camp-de-turia-ca","category-infraestructuras-ca","category-la-comarca-ca","category-sin-categorizar-ca","category-politica","category-seccion-ca","category-vilamarxant-ca","tag-agricultura-ca","tag-camp-de-turia-ca","tag-vilamarxant-ca"],"_links":{"self":[{"href":"https:\/\/tucomarca.whitekongsoftware.com\/ca\/wp-json\/wp\/v2\/posts\/132916","targetHints":{"allow":["GET"]}}],"collection":[{"href":"https:\/\/tucomarca.whitekongsoftware.com\/ca\/wp-json\/wp\/v2\/posts"}],"about":[{"href":"https:\/\/tucomarca.whitekongsoftware.com\/ca\/wp-json\/wp\/v2\/types\/post"}],"author":[{"embeddable":true,"href":"https:\/\/tucomarca.whitekongsoftware.com\/ca\/wp-json\/wp\/v2\/users\/1"}],"replies":[{"embeddable":true,"href":"https:\/\/tucomarca.whitekongsoftware.com\/ca\/wp-json\/wp\/v2\/comments?post=132916"}],"version-history":[{"count":0,"href":"https:\/\/tucomarca.whitekongsoftware.com\/ca\/wp-json\/wp\/v2\/posts\/132916\/revisions"}],"wp:featuredmedia":[{"embeddable":true,"href":"https:\/\/tucomarca.whitekongsoftware.com\/ca\/wp-json\/wp\/v2\/media\/132914"}],"wp:attachment":[{"href":"https:\/\/tucomarca.whitekongsoftware.com\/ca\/wp-json\/wp\/v2\/media?parent=132916"}],"wp:term":[{"taxonomy":"category","embeddable":true,"href":"https:\/\/tucomarca.whitekongsoftware.com\/ca\/wp-json\/wp\/v2\/categories?post=132916"},{"taxonomy":"post_tag","embeddable":true,"href":"https:\/\/tucomarca.whitekongsoftware.com\/ca\/wp-json\/wp\/v2\/tags?post=132916"}],"curies":[{"name":"wp","href":"https:\/\/api.w.org\/{rel}","templated":true}]}}