{"id":132908,"date":"2021-05-14T09:09:00","date_gmt":"2021-05-14T08:09:00","guid":{"rendered":"http:\/\/www.tucomarca.com\/wordpress\/segunda\/?p=132908"},"modified":"2021-05-14T13:47:07","modified_gmt":"2021-05-14T12:47:07","slug":"csif-critica-que-el-sindic-de-greuges-tancament-lexpedient-de-la-ribera-al-no-complir-conselleria-de-sanitat-les-seues-obligacions","status":"publish","type":"post","link":"https:\/\/tucomarca.whitekongsoftware.com\/ca\/csif-critica-que-el-sindic-de-greuges-tancament-lexpedient-de-la-ribera-al-no-complir-conselleria-de-sanitat-les-seues-obligacions\/","title":{"rendered":"CSIF critica que el S\u00edndic de Greuges tancament l&#8217;expedient de la Ribera &#8220;al no complir Conselleria de Sanitat les seues obligacions&#8221;"},"content":{"rendered":"\n<p class=\"wp-block-paragraph\"><br>El sindicat CSIF ha criticat que el S\u00edndic de Greuges haja tancat l&#8217;expedient obert despr\u00e9s de la queixa de la central sindical contra Conselleria de Sanitat. El defensor del poble valenci\u00e0 al\u00b7ludeix en el seu escrit a \u201cla no acceptaci\u00f3 de les nostres recomanacions\u201d i al fet que la llei reguladora de les seues compet\u00e8ncies \u201cno ens permet adoptar altres mesures per a imposar a l&#8217;Administraci\u00f3 el compliment de les seues obligacions\u201d.<\/p>\n\n\n\n<p class=\"wp-block-paragraph\">La Central Sindical Independiente y de Funcionarios (CSIF) explica que en diciembre del pasado 2020 el S\u00edndic de Greuges admiti\u00f3 a tr\u00e1mite la queja presentada por el sindicato ante esa instituci\u00f3n debido a la negativa de Conselleria de Sanidad de abonar el 100% de su sueldo al personal laboral del Departamento de Salud de la Ribera de baja por contagio de covid-19. La central sindical alertaba de que la Administraci\u00f3n genera \u201cun agravio comparativo\u201d respecto al resto de personal de sanidad al no pagar el salario \u00edntegro. El S\u00edndic requiri\u00f3 a Conselleria a que justificara \u201cla no equiparaci\u00f3n\u201d.<\/p>\n\n\n\n<p class=\"wp-block-paragraph\">CSIF sigue relatando que el S\u00edndic respondi\u00f3 en marzo recordando a Conselleria \u201cel principio de igualdad\u201d, que, como le aclara, significa que \u201cante las mismas condiciones reales de servicio reciba la misma protecci\u00f3n asistencial\u201d. En la resoluci\u00f3n, adem\u00e1s, le recomendaba que \u201cd\u00e9 respuesta urgente a las solicitudes de su personal\u201d.<\/p>\n\n\n\n<p class=\"wp-block-paragraph\">En este informe de contestaci\u00f3n a la denuncia de CSIF, recalcaba igualmente a Conselleria de Sanidad&nbsp; que \u201cultime de modo urgente, en el plazo de un mes, el proceso negociador relativo a la medida asistencial reclamada, teniendo presentes para ello el principio de buena fe en la negociaci\u00f3n y el de igualdad\u201d.<\/p>\n\n\n\n<p class=\"wp-block-paragraph\">El sindicato a\u00f1ade que ahora ha recibido una nueva notificaci\u00f3n del S\u00edndic resolviendo \u201cel cierre del expediente\u201d, ya que \u201cllegados a este punto le informamos que terminan nuestras posibilidades de actuaciones, dado que la Ley reguladora de las competencias del S\u00edndic de Greuges no nos permite adoptar otras medidas para imponer a la Administraci\u00f3n el cumplimiento de sus obligaciones\u201d.<\/p>\n\n\n\n<p class=\"wp-block-paragraph\">CSIF explica que el S\u00edndic contin\u00faa se\u00f1alando que \u201ca pesar de la no aceptaci\u00f3n de nuestras recomendaciones, hemos trasladado a la Administraci\u00f3n nuestra confianza en que la soluci\u00f3n adoptada respecto al problema planteado por ustedes reciba un tratamiento adecuado\u201d. Del mismo modo advierte de que \u201cesta queja podr\u00e1 ser incluida en el pr\u00f3ximo informe anual a Les Corts\u201d.<\/p>\n","protected":false},"excerpt":{"rendered":"<div class=\"mh-excerpt\">El sindicat CSIF ha criticat que el S\u00edndic de Greuges haja tancat l&#8217;expedient obert despr\u00e9s de la queixa de la central sindical contra Conselleria de Sanitat. El defensor del poble valenci\u00e0 al\u00b7ludeix en el seu <a class=\"mh-excerpt-more\" href=\"https:\/\/tucomarca.whitekongsoftware.com\/ca\/csif-critica-que-el-sindic-de-greuges-tancament-lexpedient-de-la-ribera-al-no-complir-conselleria-de-sanitat-les-seues-obligacions\/\" title=\"CSIF critica que el S\u00edndic de Greuges tancament l&#8217;expedient de la Ribera &#8220;al no complir Conselleria de Sanitat les seues obligacions&#8221;\">[+] <\/a><\/div>\n","protected":false},"author":1,"featured_media":71332,"comment_status":"open","ping_status":"open","sticky":false,"template":"","format":"standard","meta":{"footnotes":""},"categories":[10889,11010,10948,10894,10904,10902,10947,10896,10897],"tags":[12906,11077],"class_list":["post-132908","post","type-post","status-publish","format-standard","has-post-thumbnail","category-alzira-cat","category-canal-salud","category-infraestructuras-ca","category-la-comarca-ca","category-sin-categorizar-ca","category-la-ribera-ca","category-politica","category-seccion-ca","category-sucesos-la-comarca-ca","tag-csi-csif-ca","tag-la-ribera-alta-ca"],"_links":{"self":[{"href":"https:\/\/tucomarca.whitekongsoftware.com\/ca\/wp-json\/wp\/v2\/posts\/132908","targetHints":{"allow":["GET"]}}],"collection":[{"href":"https:\/\/tucomarca.whitekongsoftware.com\/ca\/wp-json\/wp\/v2\/posts"}],"about":[{"href":"https:\/\/tucomarca.whitekongsoftware.com\/ca\/wp-json\/wp\/v2\/types\/post"}],"author":[{"embeddable":true,"href":"https:\/\/tucomarca.whitekongsoftware.com\/ca\/wp-json\/wp\/v2\/users\/1"}],"replies":[{"embeddable":true,"href":"https:\/\/tucomarca.whitekongsoftware.com\/ca\/wp-json\/wp\/v2\/comments?post=132908"}],"version-history":[{"count":0,"href":"https:\/\/tucomarca.whitekongsoftware.com\/ca\/wp-json\/wp\/v2\/posts\/132908\/revisions"}],"wp:featuredmedia":[{"embeddable":true,"href":"https:\/\/tucomarca.whitekongsoftware.com\/ca\/wp-json\/wp\/v2\/media\/71332"}],"wp:attachment":[{"href":"https:\/\/tucomarca.whitekongsoftware.com\/ca\/wp-json\/wp\/v2\/media?parent=132908"}],"wp:term":[{"taxonomy":"category","embeddable":true,"href":"https:\/\/tucomarca.whitekongsoftware.com\/ca\/wp-json\/wp\/v2\/categories?post=132908"},{"taxonomy":"post_tag","embeddable":true,"href":"https:\/\/tucomarca.whitekongsoftware.com\/ca\/wp-json\/wp\/v2\/tags?post=132908"}],"curies":[{"name":"wp","href":"https:\/\/api.w.org\/{rel}","templated":true}]}}