{"id":132833,"date":"2021-05-13T12:09:00","date_gmt":"2021-05-13T11:09:00","guid":{"rendered":"http:\/\/www.tucomarca.com\/wordpress\/segunda\/?p=132833"},"modified":"2021-05-14T10:11:06","modified_gmt":"2021-05-14T09:11:06","slug":"lajuntament-de-bunyol-conclou-les-i-jornades-de-memoria-historica-i-democratica-els-dies-19-20-i-21-de-maig","status":"publish","type":"post","link":"https:\/\/tucomarca.whitekongsoftware.com\/ca\/lajuntament-de-bunyol-conclou-les-i-jornades-de-memoria-historica-i-democratica-els-dies-19-20-i-21-de-maig\/","title":{"rendered":"L&#8217;Ajuntament de Bunyol conclou les I Jornades de Mem\u00f2ria Hist\u00f2rica i Democr\u00e0tica els dies 19, 20 i 21 de maig"},"content":{"rendered":"\n<p class=\"wp-block-paragraph\">Aquestes jornades, que coincideixen amb el 90\u00e9 Aniversari de la proclamaci\u00f3 de la II Rep\u00fablica, comptaran amb diferents actes, des d&#8217;exposicions a presentacions de llibres i actes en els quals es tractar\u00e0 sobre les fosses de Paterna i la repressi\u00f3 franquista des de la postguerra fins al final de la dictadura.<\/p>\n\n\n\n<figure class=\"wp-block-gallery columns-2 is-cropped wp-block-gallery-1 is-layout-flex wp-block-gallery-is-layout-flex\"><ul class=\"blocks-gallery-grid\"><li class=\"blocks-gallery-item\"><figure><img loading=\"lazy\" decoding=\"async\" width=\"787\" height=\"787\" src=\"http:\/\/www.tucomarca.com\/wordpress\/segunda\/wp-content\/uploads\/2021\/05\/BunolMemoriaHistorica02.jpg\" alt=\"\" data-id=\"132826\" data-full-url=\"http:\/\/www.tucomarca.com\/wordpress\/segunda\/wp-content\/uploads\/2021\/05\/BunolMemoriaHistorica02.jpg\" data-link=\"https:\/\/www.tucomarca.com\/wordpress\/segunda\/?attachment_id=132826\" class=\"wp-image-132826\" srcset=\"https:\/\/tucomarca.whitekongsoftware.com\/wp-content\/uploads\/2021\/05\/BunolMemoriaHistorica02.jpg 787w, https:\/\/tucomarca.whitekongsoftware.com\/wp-content\/uploads\/2021\/05\/BunolMemoriaHistorica02-300x300.jpg 300w, https:\/\/tucomarca.whitekongsoftware.com\/wp-content\/uploads\/2021\/05\/BunolMemoriaHistorica02-290x290.jpg 290w, https:\/\/tucomarca.whitekongsoftware.com\/wp-content\/uploads\/2021\/05\/BunolMemoriaHistorica02-768x768.jpg 768w\" sizes=\"auto, (max-width: 787px) 100vw, 787px\" \/><\/figure><\/li><li class=\"blocks-gallery-item\"><figure><img loading=\"lazy\" decoding=\"async\" width=\"787\" height=\"787\" src=\"http:\/\/www.tucomarca.com\/wordpress\/segunda\/wp-content\/uploads\/2021\/05\/BunolMemoriaHistorica03.jpg\" alt=\"\" data-id=\"132828\" data-full-url=\"http:\/\/www.tucomarca.com\/wordpress\/segunda\/wp-content\/uploads\/2021\/05\/BunolMemoriaHistorica03.jpg\" data-link=\"https:\/\/www.tucomarca.com\/wordpress\/segunda\/?attachment_id=132828\" class=\"wp-image-132828\" srcset=\"https:\/\/tucomarca.whitekongsoftware.com\/wp-content\/uploads\/2021\/05\/BunolMemoriaHistorica03.jpg 787w, https:\/\/tucomarca.whitekongsoftware.com\/wp-content\/uploads\/2021\/05\/BunolMemoriaHistorica03-300x300.jpg 300w, https:\/\/tucomarca.whitekongsoftware.com\/wp-content\/uploads\/2021\/05\/BunolMemoriaHistorica03-290x290.jpg 290w, https:\/\/tucomarca.whitekongsoftware.com\/wp-content\/uploads\/2021\/05\/BunolMemoriaHistorica03-768x768.jpg 768w\" sizes=\"auto, (max-width: 787px) 100vw, 787px\" \/><\/figure><\/li><\/ul><\/figure>\n\n\n\n<p class=\"wp-block-paragraph\">El regidor de l&#8217;Ajuntament de Bunyol, Carles Xerri, recorda que en aquestes jornades el Consistori commemora el 90\u00e9 Aniversari de la proclamaci\u00f3 de la II Rep\u00fablica, \u201cuna fita hist\u00f2rica amb el qual la immensa majoria de la corporaci\u00f3 municipal ens identifiquem i reconeixem, com una de les experi\u00e8ncies d&#8217;organitzaci\u00f3 pol\u00edtica i social que m\u00e9s avan\u00e7os va aconseguir en la hist\u00f2ria d&#8217;Espanya\u201d.&nbsp;<\/p>\n\n\n\n<p class=\"wp-block-paragraph\">Segons Xerri, i aix\u00ed ho va comentar a la fi d&#8217;abril abans de la inauguraci\u00f3 d&#8217;aquestes jornades, que tenen com a objectiu el posar en valor i donar a con\u00e9ixer a la poblaci\u00f3 en primer lloc als homes i dones que pel seu comprom\u00eds en defensa dels valors democr\u00e0tics i les llibertats, aix\u00ed com per la seua \u00e8tnia, orientaci\u00f3 sexual o altres, van patir les dures conseq\u00fc\u00e8ncies de la marginaci\u00f3, l&#8217;exili, les tortures i fins i tot la mort.<\/p>\n\n\n\n<p class=\"wp-block-paragraph\">Aquestes jornades formen part del comprom\u00eds d&#8217;aquest Ajuntament per treballar conjuntament amb el moviment memorialista del Pa\u00eds Valenci\u00e0 en una perspectiva i orientaci\u00f3 clara, que \u00e9s la de treballar en la cerca de la veritat, la just\u00edcia i la reparaci\u00f3 i les garanties de no repetici\u00f3 per a totes les v\u00edctimes del feixisme i la dictadura com un exercici necessari de recuperaci\u00f3 de la hist\u00f2ria silenciada de tantes persones que van lluitar i van defensar els somnis de llibertat i just\u00edcia social.<\/p>\n\n\n\n<p class=\"wp-block-paragraph\">Els actes programats, que s&#8217;estan celebrant a la Sala El Mercat continuen la setmana pr\u00f2xima, concretament el dimecres, dijous i divendres. El dimecres 19 de maig a les 18.30h es presentar\u00e0 el llibre \u201cValencianes i Valencians deportats en els camps Nazis\u201d d&#8217;Adri\u00e1n Blas M\u00ednguez Anaya.&nbsp;<\/p>\n\n\n\n<p class=\"wp-block-paragraph\">L&#8217;endem\u00e0, el dijous 20, a les 17h es presentar\u00e0 i s&#8217;entregaran els premis dels projectes de mem\u00f2ria democr\u00e0tica de l&#8217;alumnat de l&#8217;IES Foia de Bunyol. Aquest acte ser\u00e0 a les 17h. Juncal Carrascosa, Alcaldessa de Bunyol, els far\u00e0 lliurament del premi al projecte anomenat &#8220;La nostra Hist\u00f2ria VIVA&#8221;.&nbsp;<\/p>\n\n\n\n<p class=\"wp-block-paragraph\">L&#8217;edil Bunyolense Carles Xerri recorda que el projecte de Mem\u00f2ria Hist\u00f2rica de l&#8217;IES La Foia de Bunyol es va iniciar en el curs escolar 2017-2018. Va comen\u00e7ar sent un projecte en el qual l&#8217;alumnat recollia testimoniatges per a posteriorment realitzar una representaci\u00f3 dramatitzada. En el curs 2018-2019, el projecte es va ampliar i els alumnes\/as van realitzar un treball de recerca sobre un tema i despr\u00e9s la representaci\u00f3 dramatitzada d&#8217;aquest. Any rere any fins al curs actual, els temes tractats en els treballs han sigut: la deportaci\u00f3, la repressi\u00f3 i l&#8217;exili interior i exterior patits a la comarca de la Foia de Bunyol.&nbsp;<\/p>\n\n\n\n<p class=\"wp-block-paragraph\">A l&#8217;octubre passat, el centre va presentar el projecte als Premis de la Diputaci\u00f3 de Val\u00e8ncia i van obtindre el primer premi en el Concurs de Mem\u00f2ria Hist\u00f2rica. Diuen des d&#8217;aquest centre educatiu: \u201cens ha motivat per a continuar desenvolupant aquest treball que tant ens est\u00e0 aportant. Aquest curs escolar hem afegit a aquests temes, la creaci\u00f3 d&#8217;una Ruta Intercomarcal que, en col\u00b7laboraci\u00f3 amb els ajuntaments, ens porte a senyalitzar amb cartelleria i codis QR diferents llocs que han sigut significatius en la hist\u00f2ria del nostre passat m\u00e9s immediat\u201d.&nbsp;<\/p>\n\n\n\n<p class=\"wp-block-paragraph\">Despr\u00e9s del lliurament del premi i presentaci\u00f3 d&#8217;aquest projecte es desenvolupar\u00e0 l&#8217;acte anomenat Les Missions de la Mem\u00f2ria, la repressi\u00f3 durant la Dictadura franquista des de la postguerra a la transici\u00f3: La lluita per la veritat, la just\u00edcia i la reparaci\u00f3.&nbsp;<\/p>\n\n\n\n<p class=\"wp-block-paragraph\">L&#8217;endem\u00e0, el divendres 21 de maig, tamb\u00e9 a aqueixa mateixa hora, es presentar\u00e0 el llibre \u201cLa viol\u00e8ncia pol\u00edtica contra les dones (1936-1953)\u201d El cas de la privaci\u00f3 de llibertat a la prov\u00edncia de Val\u00e8ncia, d&#8217;Antonio Sim\u00f3 Rosaleny i Ricard Camil Torres.<\/p>\n","protected":false},"excerpt":{"rendered":"<div class=\"mh-excerpt\">Aquestes jornades, que coincideixen amb el 90\u00e9 Aniversari de la proclamaci\u00f3 de la II Rep\u00fablica, comptaran amb diferents actes, des d&#8217;exposicions a presentacions de llibres i actes en els quals es tractar\u00e0 sobre les fosses <a class=\"mh-excerpt-more\" href=\"https:\/\/tucomarca.whitekongsoftware.com\/ca\/lajuntament-de-bunyol-conclou-les-i-jornades-de-memoria-historica-i-democratica-els-dies-19-20-i-21-de-maig\/\" title=\"L&#8217;Ajuntament de Bunyol conclou les I Jornades de Mem\u00f2ria Hist\u00f2rica i Democr\u00e0tica els dies 19, 20 i 21 de maig\">[+] <\/a><\/div>\n","protected":false},"author":12,"featured_media":132831,"comment_status":"open","ping_status":"open","sticky":false,"template":"","format":"standard","meta":{"footnotes":""},"categories":[11019,10911,10948,10894,10912,10947,10896],"tags":[10913,14323,10914],"class_list":["post-132833","post","type-post","status-publish","format-standard","has-post-thumbnail","category-agenda-ca","category-bunol-ca","category-infraestructuras-ca","category-la-comarca-ca","category-la-hoya-ca","category-politica","category-seccion-ca","tag-bunol-ca","tag-i-jornadas-memoria-historica-y-democratica-ca","tag-la-hoya-de-bunol-chiva-ca"],"_links":{"self":[{"href":"https:\/\/tucomarca.whitekongsoftware.com\/ca\/wp-json\/wp\/v2\/posts\/132833","targetHints":{"allow":["GET"]}}],"collection":[{"href":"https:\/\/tucomarca.whitekongsoftware.com\/ca\/wp-json\/wp\/v2\/posts"}],"about":[{"href":"https:\/\/tucomarca.whitekongsoftware.com\/ca\/wp-json\/wp\/v2\/types\/post"}],"author":[{"embeddable":true,"href":"https:\/\/tucomarca.whitekongsoftware.com\/ca\/wp-json\/wp\/v2\/users\/12"}],"replies":[{"embeddable":true,"href":"https:\/\/tucomarca.whitekongsoftware.com\/ca\/wp-json\/wp\/v2\/comments?post=132833"}],"version-history":[{"count":0,"href":"https:\/\/tucomarca.whitekongsoftware.com\/ca\/wp-json\/wp\/v2\/posts\/132833\/revisions"}],"wp:featuredmedia":[{"embeddable":true,"href":"https:\/\/tucomarca.whitekongsoftware.com\/ca\/wp-json\/wp\/v2\/media\/132831"}],"wp:attachment":[{"href":"https:\/\/tucomarca.whitekongsoftware.com\/ca\/wp-json\/wp\/v2\/media?parent=132833"}],"wp:term":[{"taxonomy":"category","embeddable":true,"href":"https:\/\/tucomarca.whitekongsoftware.com\/ca\/wp-json\/wp\/v2\/categories?post=132833"},{"taxonomy":"post_tag","embeddable":true,"href":"https:\/\/tucomarca.whitekongsoftware.com\/ca\/wp-json\/wp\/v2\/tags?post=132833"}],"curies":[{"name":"wp","href":"https:\/\/api.w.org\/{rel}","templated":true}]}}