{"id":132816,"date":"2021-05-13T16:50:00","date_gmt":"2021-05-13T15:50:00","guid":{"rendered":"http:\/\/www.tucomarca.com\/wordpress\/segunda\/?p=132816"},"modified":"2021-05-13T19:51:49","modified_gmt":"2021-05-13T18:51:49","slug":"elianers-i-elianeres-majors-de-70-anys-conclouen-el-seu-proces-de-vacunacio","status":"publish","type":"post","link":"https:\/\/tucomarca.whitekongsoftware.com\/ca\/elianers-i-elianeres-majors-de-70-anys-conclouen-el-seu-proces-de-vacunacio\/","title":{"rendered":"Elianers i elianeres majors de 70 anys conclouen el seu proc\u00e9s de vacunaci\u00f3"},"content":{"rendered":"\n<h4 class=\"wp-block-heading\"><strong>El Centre de Formaci\u00f3 de Persones Adultes (EPA) ser\u00e0 punt de vacunaci\u00f3 massiva a partir del pr\u00f2xim dilluns 24.<\/strong><\/h4>\n\n\n\n<p class=\"wp-block-paragraph\">La Zona B\u00e0sica de Salut ha confirmat que el proc\u00e9s de vacunaci\u00f3 dels ve\u00efns i ve\u00efnes de l&#8217;Eliana de 70 anys o m\u00e9s est\u00e0 conclosa. Aix\u00ed mateix, el grup dels i les nascudes entre 1956 i 1961 (60-65 anys) est\u00e0 finalitzada tamb\u00e9. No obstant aix\u00f2, els usuaris de totes dues franges d&#8217;edat que, pel motiu que siga, encara no estiguen vacunats han d&#8217;acudir al Centre de Salut o contactar en el tel\u00e8fon 96 271 84 40 per a procedir a la seua inoculaci\u00f3 com m\u00e9s prompte millor.<\/p>\n\n\n\n<p class=\"wp-block-paragraph\">Per part seua, la franja d&#8217;edat d&#8217;entre 66 i 69 anys continuen el proc\u00e9s d&#8217;immunitzaci\u00f3 contra la Covid-19 aquesta setmana en el punt de vacunaci\u00f3 massiva habilitat a la Ciutat Esportiva de la ve\u00efna localitat de Paterna.<\/p>\n\n\n\n<p class=\"wp-block-paragraph\">Mentrestant, i tal com ha confirmat la Conselleria de Sanitat Universal i Salut P\u00fablica, les persones d&#8217;entre 51 i 59 anys comen\u00e7aran a ser citades a trav\u00e9s de SMS en els seus tel\u00e8fons m\u00f2bils a partir del pr\u00f2xim dilluns 17.<\/p>\n\n\n\n<p class=\"wp-block-paragraph\">A m\u00e9s, la Zona B\u00e0sica de Salut ha recordat que els i les pacients d&#8217;alt risc estan sent cridats pel Servei de Medicina Preventiva de l&#8217;Hospital Arnau de Vilanova, aix\u00ed com la import\u00e0ncia de comprovar i de mantindre les dades de contacte de la targeta SIP actualitzades.&nbsp;<\/p>\n\n\n\n<p class=\"wp-block-paragraph\">El primer edil, Salva Torrent, ha assenyalat que, tal com es va informar la setmana passada, a partir de la vesprada del pr\u00f2xim dilluns 24 el Centre de Formaci\u00f3 de Persones Adultes (EPA) passar\u00e0 a ser punt de vacunaci\u00f3 massiva amb capacitat per a atendre aproximadament entre 500 i 1000 usuaris al dia, depenent del ritme de subministrament de les vacunes.<\/p>\n","protected":false},"excerpt":{"rendered":"<div class=\"mh-excerpt\">El Centre de Formaci\u00f3 de Persones Adultes (EPA) ser\u00e0 punt de vacunaci\u00f3 massiva a partir del pr\u00f2xim dilluns 24. La Zona B\u00e0sica de Salut ha confirmat que el proc\u00e9s de vacunaci\u00f3 dels ve\u00efns i ve\u00efnes <a class=\"mh-excerpt-more\" href=\"https:\/\/tucomarca.whitekongsoftware.com\/ca\/elianers-i-elianeres-majors-de-70-anys-conclouen-el-seu-proces-de-vacunacio\/\" title=\"Elianers i elianeres majors de 70 anys conclouen el seu proc\u00e9s de vacunaci\u00f3\">[+] <\/a><\/div>\n","protected":false},"author":1,"featured_media":132814,"comment_status":"open","ping_status":"open","sticky":false,"template":"","format":"standard","meta":{"footnotes":""},"categories":[10892,11010,12202,10948,10894,10893,10903,10896,10897],"tags":[10899,11939,11940,13963,13932],"class_list":["post-132816","post","type-post","status-publish","format-standard","has-post-thumbnail","category-camp-de-turia-ca","category-canal-salud","category-covid-19-ca","category-infraestructuras-ca","category-la-comarca-ca","category-leliana-ca","category-medio-ambiente-la-comarca-ca","category-seccion-ca","category-sucesos-la-comarca-ca","tag-camp-de-turia-ca","tag-coronavirus-ca","tag-covid-19-ca","tag-vacunacion-ca","tag-vacunas-ca"],"_links":{"self":[{"href":"https:\/\/tucomarca.whitekongsoftware.com\/ca\/wp-json\/wp\/v2\/posts\/132816","targetHints":{"allow":["GET"]}}],"collection":[{"href":"https:\/\/tucomarca.whitekongsoftware.com\/ca\/wp-json\/wp\/v2\/posts"}],"about":[{"href":"https:\/\/tucomarca.whitekongsoftware.com\/ca\/wp-json\/wp\/v2\/types\/post"}],"author":[{"embeddable":true,"href":"https:\/\/tucomarca.whitekongsoftware.com\/ca\/wp-json\/wp\/v2\/users\/1"}],"replies":[{"embeddable":true,"href":"https:\/\/tucomarca.whitekongsoftware.com\/ca\/wp-json\/wp\/v2\/comments?post=132816"}],"version-history":[{"count":0,"href":"https:\/\/tucomarca.whitekongsoftware.com\/ca\/wp-json\/wp\/v2\/posts\/132816\/revisions"}],"wp:featuredmedia":[{"embeddable":true,"href":"https:\/\/tucomarca.whitekongsoftware.com\/ca\/wp-json\/wp\/v2\/media\/132814"}],"wp:attachment":[{"href":"https:\/\/tucomarca.whitekongsoftware.com\/ca\/wp-json\/wp\/v2\/media?parent=132816"}],"wp:term":[{"taxonomy":"category","embeddable":true,"href":"https:\/\/tucomarca.whitekongsoftware.com\/ca\/wp-json\/wp\/v2\/categories?post=132816"},{"taxonomy":"post_tag","embeddable":true,"href":"https:\/\/tucomarca.whitekongsoftware.com\/ca\/wp-json\/wp\/v2\/tags?post=132816"}],"curies":[{"name":"wp","href":"https:\/\/api.w.org\/{rel}","templated":true}]}}