{"id":132746,"date":"2021-05-13T08:08:00","date_gmt":"2021-05-13T07:08:00","guid":{"rendered":"http:\/\/www.tucomarca.com\/wordpress\/segunda\/?p=132746"},"modified":"2021-05-13T13:46:59","modified_gmt":"2021-05-13T12:46:59","slug":"el-consistori-bunyolense-homenatjara-el-proxim-13-de-juny-a-pablo-cusi-sierra-fill-predilecte-de-bunyol-i-mort-recentment","status":"publish","type":"post","link":"https:\/\/tucomarca.whitekongsoftware.com\/ca\/el-consistori-bunyolense-homenatjara-el-proxim-13-de-juny-a-pablo-cusi-sierra-fill-predilecte-de-bunyol-i-mort-recentment\/","title":{"rendered":"El consistori bunyolense homenatjar\u00e0 el pr\u00f2xim 13 de juny a Pablo Cus\u00ed Sierra, fill predilecte de Bunyol i mort recentment"},"content":{"rendered":"\n<p class=\"wp-block-paragraph\">L&#8217;Ajuntament de Bunyol realitzar\u00e0 un acte d&#8217;homenatge a Pablo Cus\u00ed Sierra, fill predilecte de Bu\u00f1ol i mort recentment, en el pavell\u00f3 que porta el seu nom al parc del Planell.&nbsp;<\/p>\n\n\n\n<p class=\"wp-block-paragraph\">Aquest acte, en el qual s&#8217;homenatjar\u00e0 a Pablo, tindr\u00e0 lloc el diumenge 13 de juny, a les 12,00 h. En aquest emotiu acte actuaran grups de cambra del Conservatori Sant Rafael de Bu\u00f1ol, dirigits per Eduardo Carrascosa Carrascosa.<\/p>\n","protected":false},"excerpt":{"rendered":"<div class=\"mh-excerpt\">L&#8217;Ajuntament de Bunyol realitzar\u00e0 un acte d&#8217;homenatge a Pablo Cus\u00ed Sierra, fill predilecte de Bu\u00f1ol i mort recentment, en el pavell\u00f3 que porta el seu nom al parc del Planell.&nbsp; Aquest acte, en el qual <a class=\"mh-excerpt-more\" href=\"https:\/\/tucomarca.whitekongsoftware.com\/ca\/el-consistori-bunyolense-homenatjara-el-proxim-13-de-juny-a-pablo-cusi-sierra-fill-predilecte-de-bunyol-i-mort-recentment\/\" title=\"El consistori bunyolense homenatjar\u00e0 el pr\u00f2xim 13 de juny a Pablo Cus\u00ed Sierra, fill predilecte de Bunyol i mort recentment\">[+] <\/a><\/div>\n","protected":false},"author":12,"featured_media":114900,"comment_status":"open","ping_status":"open","sticky":false,"template":"","format":"standard","meta":{"footnotes":""},"categories":[10911,11003,10948,10894,10912,11009,10947,10896],"tags":[10913,10914,12191,13661],"class_list":["post-132746","post","type-post","status-publish","format-standard","has-post-thumbnail","category-bunol-ca","category-sports","category-infraestructuras-ca","category-la-comarca-ca","category-la-hoya-ca","category-polideportivo-ca","category-politica","category-seccion-ca","tag-bunol-ca","tag-la-hoya-de-bunol-chiva-ca","tag-pabellon-el-planell-ca","tag-pabellon-municipal-pablo-cusi-ca"],"_links":{"self":[{"href":"https:\/\/tucomarca.whitekongsoftware.com\/ca\/wp-json\/wp\/v2\/posts\/132746","targetHints":{"allow":["GET"]}}],"collection":[{"href":"https:\/\/tucomarca.whitekongsoftware.com\/ca\/wp-json\/wp\/v2\/posts"}],"about":[{"href":"https:\/\/tucomarca.whitekongsoftware.com\/ca\/wp-json\/wp\/v2\/types\/post"}],"author":[{"embeddable":true,"href":"https:\/\/tucomarca.whitekongsoftware.com\/ca\/wp-json\/wp\/v2\/users\/12"}],"replies":[{"embeddable":true,"href":"https:\/\/tucomarca.whitekongsoftware.com\/ca\/wp-json\/wp\/v2\/comments?post=132746"}],"version-history":[{"count":0,"href":"https:\/\/tucomarca.whitekongsoftware.com\/ca\/wp-json\/wp\/v2\/posts\/132746\/revisions"}],"wp:featuredmedia":[{"embeddable":true,"href":"https:\/\/tucomarca.whitekongsoftware.com\/ca\/wp-json\/wp\/v2\/media\/114900"}],"wp:attachment":[{"href":"https:\/\/tucomarca.whitekongsoftware.com\/ca\/wp-json\/wp\/v2\/media?parent=132746"}],"wp:term":[{"taxonomy":"category","embeddable":true,"href":"https:\/\/tucomarca.whitekongsoftware.com\/ca\/wp-json\/wp\/v2\/categories?post=132746"},{"taxonomy":"post_tag","embeddable":true,"href":"https:\/\/tucomarca.whitekongsoftware.com\/ca\/wp-json\/wp\/v2\/tags?post=132746"}],"curies":[{"name":"wp","href":"https:\/\/api.w.org\/{rel}","templated":true}]}}