{"id":132702,"date":"2021-05-11T20:43:00","date_gmt":"2021-05-11T19:43:00","guid":{"rendered":"http:\/\/www.tucomarca.com\/wordpress\/segunda\/?p=132702"},"modified":"2021-05-12T20:46:14","modified_gmt":"2021-05-12T19:46:14","slug":"sanitat-registra-99-nous-casos-de-coronavirus-6-defuncions-i-306-altes-en-la-comunitat-valenciana","status":"publish","type":"post","link":"https:\/\/tucomarca.whitekongsoftware.com\/ca\/sanitat-registra-99-nous-casos-de-coronavirus-6-defuncions-i-306-altes-en-la-comunitat-valenciana\/","title":{"rendered":"Sanitat registra 99 nous casos de coronavirus, 6 defuncions i 306 altes en la Comunitat Valenciana"},"content":{"rendered":"\n<p class=\"wp-block-paragraph\">La Comunitat Valenciana ha administrat un total de 2.038.019 dosi de la vacuna contra el coronavirus. Per prov\u00edncies: 238.091 a Castell\u00f3, 749.115 a Alacant i 1.050.813 a Val\u00e8ncia. Han rebut la pauta completa d&#8217;immunitzaci\u00f3 (dues dosis per a Pfizer, Moderna i AstraZeneca i la monodosis de Janssen) 653.098 persones.<\/p>\n\n\n\n<p class=\"wp-block-paragraph\">Adem\u00e1s, se han notificado 99 casos nuevos de coronavirus confirmados por prueba PCR o a trav\u00e9s de test de ant\u00edgenos desde la \u00faltima actualizaci\u00f3n, que sit\u00faan la cifra total de positivos en 391.828 personas.&nbsp;<\/p>\n\n\n\n<p class=\"wp-block-paragraph\">Por provincias, 23 en Castell\u00f3n (40.509 en total); 22 en Alicante (146.810 en total); y 54 en Valencia, (204.508 en total). El total de casos no asignados se mantiene en 1.&nbsp;<\/p>\n\n\n\n<p class=\"wp-block-paragraph\">Desde la \u00faltima actualizaci\u00f3n se han registrado 306 altas a pacientes con coronavirus. De esta forma, ya son 393.935 personas en la Comunitat Valenciana las que han superado la enfermedad desde que comenz\u00f3 la pandemia. Por provincias, las altas se distribuyen del siguiente modo: 40.903 en Castell\u00f3n, 147.145 en Alicante y 205.832 en Valencia. El total de altas no asignadas se mantiene en 55.<\/p>\n\n\n\n<p class=\"wp-block-paragraph\">Los hospitales valencianos tienen, actualmente, 171 personas ingresadas: 33 en la provincia de Castell\u00f3n, con 4 pacientes en UCI; 46 en la provincia de Alicante, 8 de ellos en la UCI; y 92 en la provincia de Valencia, 28 de ellos en UCI.<\/p>\n\n\n\n<p class=\"wp-block-paragraph\">Adem\u00e1s, se han registrado 6 fallecimientos por coronavirus desde la \u00faltima actualizaci\u00f3n, por lo que el total de defunciones desde el inicio de la pandemia es de 7.383: 801 en la provincia de Castell\u00f3n, 2.817 en la de Alicante y 3.765 en la de Valencia.&nbsp;<\/p>\n\n\n\n<p class=\"wp-block-paragraph\">&#8211; \u00daltimos 7 d\u00edas: 1<\/p>\n\n\n\n<p class=\"wp-block-paragraph\">&#8211; Enero 2021: 2<\/p>\n\n\n\n<p class=\"wp-block-paragraph\">&#8211; Febrero 2021: 3<\/p>\n\n\n\n<p class=\"wp-block-paragraph\">De acuerdo con los datos registrados, en estos momentos hay 1.979 casos activos, lo que supone un 0,49% del total de positivos.<\/p>\n\n\n\n<p class=\"wp-block-paragraph\">Este martes se han registrado 2 brotes de origen social en Alfarp y Sagunto con 14 y 19 casos, respectivamente.<\/p>\n","protected":false},"excerpt":{"rendered":"<div class=\"mh-excerpt\">La Comunitat Valenciana ha administrat un total de 2.038.019 dosi de la vacuna contra el coronavirus. Per prov\u00edncies: 238.091 a Castell\u00f3, 749.115 a Alacant i 1.050.813 a Val\u00e8ncia. Han rebut la pauta completa d&#8217;immunitzaci\u00f3 (dues <a class=\"mh-excerpt-more\" href=\"https:\/\/tucomarca.whitekongsoftware.com\/ca\/sanitat-registra-99-nous-casos-de-coronavirus-6-defuncions-i-306-altes-en-la-comunitat-valenciana\/\" title=\"Sanitat registra 99 nous casos de coronavirus, 6 defuncions i 306 altes en la Comunitat Valenciana\">[+] <\/a><\/div>\n","protected":false},"author":1,"featured_media":127640,"comment_status":"open","ping_status":"open","sticky":false,"template":"","format":"standard","meta":{"footnotes":""},"categories":[11010,12202,10898,10948,10894,10904,10903,10947,10896,10897],"tags":[11939,11940,13963,13932],"class_list":["post-132702","post","type-post","status-publish","format-standard","has-post-thumbnail","category-canal-salud","category-covid-19-ca","category-ventana-ca","category-infraestructuras-ca","category-la-comarca-ca","category-sin-categorizar-ca","category-medio-ambiente-la-comarca-ca","category-politica","category-seccion-ca","category-sucesos-la-comarca-ca","tag-coronavirus-ca","tag-covid-19-ca","tag-vacunacion-ca","tag-vacunas-ca"],"_links":{"self":[{"href":"https:\/\/tucomarca.whitekongsoftware.com\/ca\/wp-json\/wp\/v2\/posts\/132702","targetHints":{"allow":["GET"]}}],"collection":[{"href":"https:\/\/tucomarca.whitekongsoftware.com\/ca\/wp-json\/wp\/v2\/posts"}],"about":[{"href":"https:\/\/tucomarca.whitekongsoftware.com\/ca\/wp-json\/wp\/v2\/types\/post"}],"author":[{"embeddable":true,"href":"https:\/\/tucomarca.whitekongsoftware.com\/ca\/wp-json\/wp\/v2\/users\/1"}],"replies":[{"embeddable":true,"href":"https:\/\/tucomarca.whitekongsoftware.com\/ca\/wp-json\/wp\/v2\/comments?post=132702"}],"version-history":[{"count":0,"href":"https:\/\/tucomarca.whitekongsoftware.com\/ca\/wp-json\/wp\/v2\/posts\/132702\/revisions"}],"wp:featuredmedia":[{"embeddable":true,"href":"https:\/\/tucomarca.whitekongsoftware.com\/ca\/wp-json\/wp\/v2\/media\/127640"}],"wp:attachment":[{"href":"https:\/\/tucomarca.whitekongsoftware.com\/ca\/wp-json\/wp\/v2\/media?parent=132702"}],"wp:term":[{"taxonomy":"category","embeddable":true,"href":"https:\/\/tucomarca.whitekongsoftware.com\/ca\/wp-json\/wp\/v2\/categories?post=132702"},{"taxonomy":"post_tag","embeddable":true,"href":"https:\/\/tucomarca.whitekongsoftware.com\/ca\/wp-json\/wp\/v2\/tags?post=132702"}],"curies":[{"name":"wp","href":"https:\/\/api.w.org\/{rel}","templated":true}]}}