{"id":132588,"date":"2021-05-11T11:45:00","date_gmt":"2021-05-11T10:45:00","guid":{"rendered":"http:\/\/www.tucomarca.com\/wordpress\/segunda\/?p=132588"},"modified":"2021-05-11T17:17:11","modified_gmt":"2021-05-11T16:17:11","slug":"preparada-la-i-jornada-literaria-castillo-de-bunyol-per-al-proxim-29-de-maig","status":"publish","type":"post","link":"https:\/\/tucomarca.whitekongsoftware.com\/ca\/preparada-la-i-jornada-literaria-castillo-de-bunyol-per-al-proxim-29-de-maig\/","title":{"rendered":"Preparada la I Jornada Liter\u00e0ria \u201cCastillo de Bunyol\u201d per al pr\u00f2xim 29 de maig"},"content":{"rendered":"\n<h4 class=\"wp-block-heading\">La I Jornada Liter\u00e0ria \u201cCastillo de Bunyol\u201d es realitzar\u00e0 el pr\u00f2xim 29 de maig en aquest bonic enclavament de la localitat. Ja est\u00e0 tot preparat. L&#8217;\u00e8xit est\u00e0 garantit.<\/h4>\n\n\n\n<figure class=\"wp-block-image size-large\"><img loading=\"lazy\" decoding=\"async\" width=\"678\" height=\"984\" src=\"http:\/\/www.tucomarca.com\/wordpress\/segunda\/wp-content\/uploads\/2021\/05\/Programa.jpg\" alt=\"\" class=\"wp-image-132581\" srcset=\"https:\/\/tucomarca.whitekongsoftware.com\/wp-content\/uploads\/2021\/05\/Programa.jpg 678w, https:\/\/tucomarca.whitekongsoftware.com\/wp-content\/uploads\/2021\/05\/Programa-207x300.jpg 207w\" sizes=\"auto, (max-width: 678px) 100vw, 678px\" \/><\/figure>\n\n\n\n<p class=\"wp-block-paragraph\">La Regidoria de Cultura de l&#8217;Ajuntament de Bu\u00f1ol i CLAU (Associaci\u00f3 Valenciana d&#8217;Escriptors i cr\u00edtics valencians) organitza la I Jornada Liter\u00e0ria \u201cCastillo de Bu\u00f1ol\u201d &#8211; \u201cViatge a la Literatura del Segle XXI a la Comunitat Valenciana\u201d-. Aquest acte tindr\u00e0 lloc tot el dia del dissabte 29 de maig en diversos paratges del municipi com l&#8217;Auditori de Sant Llu\u00eds, el Palau de la M\u00fasica i el Castell.\u00a0<br><\/p>\n\n\n\n<p class=\"wp-block-paragraph\">Tots els que desitgen assistir poden inscriure&#8217;s fins al 21 de maig cridant a la biblioteca, 96 250 07 51, per mail a bibliotecabunyol@gmail.com o a trav\u00e9s del facebook de la biblioteca. L&#8217;aforament est\u00e0 limitat. Cal indicar si s&#8217;assisteix al taller gratu\u00eft d&#8217;escriptura i\/o al menjar, a una preu de 19\u20ac a pagar aqueix dia.<br><\/p>\n\n\n\n<p class=\"wp-block-paragraph\">Emi Zan\u00f3n, escriptora bunyolense, i col\u00b7laboradora activa d&#8217;aquesta jornada, assegura que \u00e9s un programa divers i atractiu, en el qual podrem gaudir de destacades veus liter\u00e0ries valencianes, tant en l&#8217;\u00e0mbit nacional com internacional, i con\u00e9ixer millor el panorama literari en la nostra Comunitat Valenciana.\u00a0<br><\/p>\n\n\n\n<p class=\"wp-block-paragraph\">Per aix\u00f2, Juan Luis Pall\u00e1s, regidor de Cultura anima a la participaci\u00f3 en la Trobada amb escriptors i poetes: \u201cSi eres autor bunyolense amb obres publicades, o t&#8217;agrada escriure, fer poesia i encara no has publicat, est\u00e0s igualment dit a la\u00a0&#8220;Trobada amb escriptors i poetes&#8221;\u00a0de la localitat. Tindr\u00e0s l&#8217;oportunitat de donar-te a con\u00e9ixer. Es distribuir\u00e0 el temps entre els assistents que desitgen llegir algun fragment cortito de la seua obra o declamar algun dels seus poemes. Per\u00f2, per a aix\u00f2, has d&#8217;inscriure&#8217;t en la Jornada\u201d, assenyala.\u00a0<\/p>\n\n\n\n<p class=\"wp-block-paragraph\"><br>Hi haur\u00e0 diversos estand per a vendre els llibres tant dels ponents com dels autors locals que s&#8217;inscriguen en la Jornada. Com a colof\u00f3 es far\u00e0 lliurament d&#8217;I Premi Literari &#8220;Dia del Llibre 2021&#8221; convocat per la Biblioteca de Bu\u00f1ol. Si es necessita m\u00e9s informaci\u00f3 es pot manar un correu electr\u00f2nic a bibliotecabunyol@gmail.com<\/p>\n\n\n\n<p class=\"wp-block-paragraph\"><br>Aquesta jornada arranca a les 10h amb la recepci\u00f3 i lliurament d&#8217;acreditacions en la Pla\u00e7a d&#8217;Armes i finalitza a les 20,30h amb el lliurament de l&#8217;I Premi Literari \u201cDia del Llibre 2021\u201d. Mentrestant hi ha confer\u00e8ncies, taller d&#8217;escriptura, taula redona, trobada amb escriptors i poetes, m\u00fasica i poesia, visita tur\u00edstica i menjar en el restaurant situat en el Passeig de Sant Llu\u00eds. Aquests actes es desenvoluparan en diversos enclavaments de la localitat com el Palau de la M\u00fasica, el Castell de Bu\u00f1ol i l&#8217;Auditori Municipal.\u00a0<br><\/p>\n\n\n\n<p class=\"wp-block-paragraph\">Els escriptors, poetes i cr\u00edtics participants en aquesta jornada s\u00f3n Mar\u00eda Garc\u00eda-Lliber\u00f3s, Ana Noguera, Jaime Mill\u00e1s, Jos\u00e9 Vicente Peir\u00f3, Juan Luis Bedins, Luis Garc\u00eda Trapiello, Elga Re\u00e1tegui, Isabel Barcel\u00f3 i Rosario Raro. Un nodrit grup d&#8217;escriptors de reconegut prestigi amb nombrosos premis literaris nacionals i internacionals.<\/p>\n","protected":false},"excerpt":{"rendered":"<div class=\"mh-excerpt\">La I Jornada Liter\u00e0ria \u201cCastillo de Bunyol\u201d es realitzar\u00e0 el pr\u00f2xim 29 de maig en aquest bonic enclavament de la localitat. Ja est\u00e0 tot preparat. L&#8217;\u00e8xit est\u00e0 garantit. La Regidoria de Cultura de l&#8217;Ajuntament de <a class=\"mh-excerpt-more\" href=\"https:\/\/tucomarca.whitekongsoftware.com\/ca\/preparada-la-i-jornada-literaria-castillo-de-bunyol-per-al-proxim-29-de-maig\/\" title=\"Preparada la I Jornada Liter\u00e0ria \u201cCastillo de Bunyol\u201d per al pr\u00f2xim 29 de maig\">[+] <\/a><\/div>\n","protected":false},"author":12,"featured_media":132586,"comment_status":"open","ping_status":"open","sticky":false,"template":"","format":"standard","meta":{"footnotes":""},"categories":[11019,10911,10894,10912,11007,10896],"tags":[14554,10914],"class_list":["post-132588","post","type-post","status-publish","format-standard","has-post-thumbnail","category-agenda-ca","category-bunol-ca","category-la-comarca-ca","category-la-hoya-ca","category-ocio-y-cultura-ca","category-seccion-ca","tag-i-jornada-literaria-castillo-de-bunol-ca","tag-la-hoya-de-bunol-chiva-ca"],"_links":{"self":[{"href":"https:\/\/tucomarca.whitekongsoftware.com\/ca\/wp-json\/wp\/v2\/posts\/132588","targetHints":{"allow":["GET"]}}],"collection":[{"href":"https:\/\/tucomarca.whitekongsoftware.com\/ca\/wp-json\/wp\/v2\/posts"}],"about":[{"href":"https:\/\/tucomarca.whitekongsoftware.com\/ca\/wp-json\/wp\/v2\/types\/post"}],"author":[{"embeddable":true,"href":"https:\/\/tucomarca.whitekongsoftware.com\/ca\/wp-json\/wp\/v2\/users\/12"}],"replies":[{"embeddable":true,"href":"https:\/\/tucomarca.whitekongsoftware.com\/ca\/wp-json\/wp\/v2\/comments?post=132588"}],"version-history":[{"count":0,"href":"https:\/\/tucomarca.whitekongsoftware.com\/ca\/wp-json\/wp\/v2\/posts\/132588\/revisions"}],"wp:featuredmedia":[{"embeddable":true,"href":"https:\/\/tucomarca.whitekongsoftware.com\/ca\/wp-json\/wp\/v2\/media\/132586"}],"wp:attachment":[{"href":"https:\/\/tucomarca.whitekongsoftware.com\/ca\/wp-json\/wp\/v2\/media?parent=132588"}],"wp:term":[{"taxonomy":"category","embeddable":true,"href":"https:\/\/tucomarca.whitekongsoftware.com\/ca\/wp-json\/wp\/v2\/categories?post=132588"},{"taxonomy":"post_tag","embeddable":true,"href":"https:\/\/tucomarca.whitekongsoftware.com\/ca\/wp-json\/wp\/v2\/tags?post=132588"}],"curies":[{"name":"wp","href":"https:\/\/api.w.org\/{rel}","templated":true}]}}