{"id":132561,"date":"2021-05-10T15:20:00","date_gmt":"2021-05-10T14:20:00","guid":{"rendered":"http:\/\/www.tucomarca.com\/wordpress\/segunda\/?p=132561"},"modified":"2021-05-11T11:40:18","modified_gmt":"2021-05-11T10:40:18","slug":"pepa-cano-es-reelegida-presidenta-de-la-junta-local-fallera-de-benaguasil","status":"publish","type":"post","link":"https:\/\/tucomarca.whitekongsoftware.com\/ca\/pepa-cano-es-reelegida-presidenta-de-la-junta-local-fallera-de-benaguasil\/","title":{"rendered":"Pepa Cano \u00e9s reelegida Presidenta de la Junta Local Fallera de Benaguasil"},"content":{"rendered":"\n<h4 class=\"wp-block-heading\">La relli\u00e7\u00f3 de Pepa no va suposar cap sorpresa, ja que va ser l&#8217;\u00fanica candidata a la presid\u00e8ncia i va haver-hi unanimitat.<\/h4>\n\n\n\n<h4 class=\"wp-block-heading\">El col\u00b7lectiu faller de Benaguasil va acordar celebrar reunions per a arribar a un acord com\u00fa sobre la celebraci\u00f3 de les Falles.&nbsp;<\/h4>\n\n\n\n<figure class=\"wp-block-image size-large\"><img loading=\"lazy\" decoding=\"async\" width=\"787\" height=\"493\" src=\"http:\/\/www.tucomarca.com\/wordpress\/segunda\/wp-content\/uploads\/2021\/05\/BenaguasilJLF-1.jpg\" alt=\"\" class=\"wp-image-132556\" srcset=\"https:\/\/tucomarca.whitekongsoftware.com\/wp-content\/uploads\/2021\/05\/BenaguasilJLF-1.jpg 787w, https:\/\/tucomarca.whitekongsoftware.com\/wp-content\/uploads\/2021\/05\/BenaguasilJLF-1-300x188.jpg 300w, https:\/\/tucomarca.whitekongsoftware.com\/wp-content\/uploads\/2021\/05\/BenaguasilJLF-1-768x481.jpg 768w\" sizes=\"auto, (max-width: 787px) 100vw, 787px\" \/><\/figure>\n\n\n\n<p class=\"wp-block-paragraph\">Pepa Cano Navarro continuar\u00e0 sent la presidenta de Junta Local Fallera de Benaguasil. Aix\u00ed es va ratificar en la reuni\u00f3 extraordin\u00e0ria celebrada aquest cap de setmana amb els representants de les 10 comissions falleres de Benaguasil i que va comptar amb la pres\u00e8ncia de l&#8217;alcalde de Benaguasil, Ximo Segarra i la regidor de Falles Ana Aleixandre.<br>Pepa que afronta el seu quart mandat consecutiu, va agrair la confian\u00e7a depositada en ella i va assegurar continuar treballant juntament amb les comissions falleres i l&#8217;Ajuntament per a fer de les Falles de Benaguasil un referent.<br>Per la seua part l&#8217;Alcalde va felicitar a Pepa per la seua reelecci\u00f3 i va agrair el treball realitzat pels components de JLF que \u201chan decidit que noves persones assumisquen els seus c\u00e0rrecs i tamb\u00e9 a aquells presidents de comissi\u00f3 que despr\u00e9s d&#8217;aquests anys at\u00edpics han fet un pas al costat perqu\u00e8 altres persones ocupen les seues responsabilitats\u201d.<br>Respecte a la celebraci\u00f3 de la Festa de les Falles en el municipi es va acordar que de manera conjunta se celebraran reunions per a arribar a un acord com\u00fa.<br>La trobada va servir tamb\u00e9 per a presentar als nous components de la JLF aix\u00ed com als nous presidents de la falles Cervantes i L\u2019Espardenyada, Jorge Condes i Sunsi G\u00f3mez.<\/p>\n","protected":false},"excerpt":{"rendered":"<div class=\"mh-excerpt\">La relli\u00e7\u00f3 de Pepa no va suposar cap sorpresa, ja que va ser l&#8217;\u00fanica candidata a la presid\u00e8ncia i va haver-hi unanimitat. El col\u00b7lectiu faller de Benaguasil va acordar celebrar reunions per a arribar a <a class=\"mh-excerpt-more\" href=\"https:\/\/tucomarca.whitekongsoftware.com\/ca\/pepa-cano-es-reelegida-presidenta-de-la-junta-local-fallera-de-benaguasil\/\" title=\"Pepa Cano \u00e9s reelegida Presidenta de la Junta Local Fallera de Benaguasil\">[+] <\/a><\/div>\n","protected":false},"author":12,"featured_media":132555,"comment_status":"open","ping_status":"open","sticky":false,"template":"","format":"standard","meta":{"footnotes":""},"categories":[10952,10892,10894,11007,11008,10896],"tags":[11136,10899,14552],"class_list":["post-132561","post","type-post","status-publish","format-standard","has-post-thumbnail","category-benaguasil-ca","category-camp-de-turia-ca","category-la-comarca-ca","category-ocio-y-cultura-ca","category-pueblos-en-fiestas-ca","category-seccion-ca","tag-benaguasil-ca","tag-camp-de-turia-ca","tag-junta-local-fallera-de-benaguasil-ca"],"_links":{"self":[{"href":"https:\/\/tucomarca.whitekongsoftware.com\/ca\/wp-json\/wp\/v2\/posts\/132561","targetHints":{"allow":["GET"]}}],"collection":[{"href":"https:\/\/tucomarca.whitekongsoftware.com\/ca\/wp-json\/wp\/v2\/posts"}],"about":[{"href":"https:\/\/tucomarca.whitekongsoftware.com\/ca\/wp-json\/wp\/v2\/types\/post"}],"author":[{"embeddable":true,"href":"https:\/\/tucomarca.whitekongsoftware.com\/ca\/wp-json\/wp\/v2\/users\/12"}],"replies":[{"embeddable":true,"href":"https:\/\/tucomarca.whitekongsoftware.com\/ca\/wp-json\/wp\/v2\/comments?post=132561"}],"version-history":[{"count":0,"href":"https:\/\/tucomarca.whitekongsoftware.com\/ca\/wp-json\/wp\/v2\/posts\/132561\/revisions"}],"wp:featuredmedia":[{"embeddable":true,"href":"https:\/\/tucomarca.whitekongsoftware.com\/ca\/wp-json\/wp\/v2\/media\/132555"}],"wp:attachment":[{"href":"https:\/\/tucomarca.whitekongsoftware.com\/ca\/wp-json\/wp\/v2\/media?parent=132561"}],"wp:term":[{"taxonomy":"category","embeddable":true,"href":"https:\/\/tucomarca.whitekongsoftware.com\/ca\/wp-json\/wp\/v2\/categories?post=132561"},{"taxonomy":"post_tag","embeddable":true,"href":"https:\/\/tucomarca.whitekongsoftware.com\/ca\/wp-json\/wp\/v2\/tags?post=132561"}],"curies":[{"name":"wp","href":"https:\/\/api.w.org\/{rel}","templated":true}]}}