{"id":132403,"date":"2021-05-06T19:05:00","date_gmt":"2021-05-06T18:05:00","guid":{"rendered":"http:\/\/www.tucomarca.com\/wordpress\/segunda\/?p=132403"},"modified":"2021-05-06T19:46:32","modified_gmt":"2021-05-06T18:46:32","slug":"benaguasil-elaborara-el-primer-pla-municipal-dinclusio-i-cohesio-social","status":"publish","type":"post","link":"https:\/\/tucomarca.whitekongsoftware.com\/ca\/benaguasil-elaborara-el-primer-pla-municipal-dinclusio-i-cohesio-social\/","title":{"rendered":"Benaguasil elaborar\u00e0 el primer Pla Municipal d&#8217;Inclusi\u00f3 i Cohesi\u00f3 Social"},"content":{"rendered":"\n<h4 class=\"wp-block-heading\">El Pla pret\u00e9n ser un instrument per a combatre el risc d&#8217;exclusi\u00f3 social i reduir el nombre de persones en situaci\u00f3 de vulnerabilitat<\/h4>\n\n\n\n<p class=\"wp-block-paragraph\"><strong>La resoluci\u00f3 de la Conselleria d&#8217;Igualtat i Pol\u00edtiques Inclusives publicada en el DOGV atorga 12.000 euros a l&#8217;Ajuntament de Benaguasil per a redactar aquest pla municipal.<\/strong><\/p>\n\n\n\n<p class=\"wp-block-paragraph\">El Ayuntamiento de Benaguasil ha conseguido una subvenci\u00f3n para impulsar la elaboraci\u00f3n de un Plan Municipal de Inclusi\u00f3n y Cohesi\u00f3n Social, as\u00ed como la creaci\u00f3n del Consejo Municipal de Inclusi\u00f3n y Derechos Sociales.<\/p>\n\n\n\n<p class=\"wp-block-paragraph\">El plan, que se enmarca con la estrategia Europa 2020 de la Uni\u00f3n Europea de lucha contra la pobreza y la exclusi\u00f3n social y la disminuci\u00f3n de la poblaci\u00f3n en riesgo de sufrirlas, persigue la consecuci\u00f3n de unas pol\u00edticas p\u00fablicas transversales e integradoras que tengan en cuenta a las personas m\u00e1s vulnerables y combatan su exclusi\u00f3n social.<\/p>\n\n\n\n<p class=\"wp-block-paragraph\">El concejal de Bienestar Social, Carlos Bosch, ha destacado la importancia de este plan que servir\u00e1 para \u201canalizar las necesidades sociales del municipio y favorecer la atenci\u00f3n inmediata a las personas en riesgo de exclusi\u00f3n social. Todo ello con el objetivo de promover un Benaguasil en el que todas las personas tengan los mismos derechos, oportunidades y obligaciones, al margen de su situaci\u00f3n econ\u00f3mica y social\u201d.<\/p>\n\n\n\n<p class=\"wp-block-paragraph\">El Plan de Inclusi\u00f3n Social se va a desarrollar a trav\u00e9s de tres l\u00edneas estrat\u00e9gicas. La primera de ellas es la destinada a realizar un diagn\u00f3stico organizacional y sociodemogr\u00e1fico sobre todos los indicadores disponibles en las Administraciones e Instituciones P\u00fablicas sobre la pobreza, el desempleo, la inmigraci\u00f3n, la infancia, las personas mayores y en situaci\u00f3n de dependencia. Posteriormente se realizar\u00e1 un proceso de participaci\u00f3n cualitativa ciudadana mediante entrevistas personales en profundidad, entrevistas grupales semiestructuradas, focus groups, adem\u00e1s de un cuestionario online municipal. Finalmente se proceder\u00e1 al an\u00e1lisis de estas tres l\u00edneas y al desarrollo del Plan.<\/p>\n","protected":false},"excerpt":{"rendered":"<div class=\"mh-excerpt\">El Pla pret\u00e9n ser un instrument per a combatre el risc d&#8217;exclusi\u00f3 social i reduir el nombre de persones en situaci\u00f3 de vulnerabilitat La resoluci\u00f3 de la Conselleria d&#8217;Igualtat i Pol\u00edtiques Inclusives publicada en el <a class=\"mh-excerpt-more\" href=\"https:\/\/tucomarca.whitekongsoftware.com\/ca\/benaguasil-elaborara-el-primer-pla-municipal-dinclusio-i-cohesio-social\/\" title=\"Benaguasil elaborar\u00e0 el primer Pla Municipal d&#8217;Inclusi\u00f3 i Cohesi\u00f3 Social\">[+] <\/a><\/div>\n","protected":false},"author":1,"featured_media":132401,"comment_status":"open","ping_status":"open","sticky":false,"template":"","format":"standard","meta":{"footnotes":""},"categories":[10952,10892,10948,10894,10947,10896,10897],"tags":[11136,10899],"class_list":["post-132403","post","type-post","status-publish","format-standard","has-post-thumbnail","category-benaguasil-ca","category-camp-de-turia-ca","category-infraestructuras-ca","category-la-comarca-ca","category-politica","category-seccion-ca","category-sucesos-la-comarca-ca","tag-benaguasil-ca","tag-camp-de-turia-ca"],"_links":{"self":[{"href":"https:\/\/tucomarca.whitekongsoftware.com\/ca\/wp-json\/wp\/v2\/posts\/132403","targetHints":{"allow":["GET"]}}],"collection":[{"href":"https:\/\/tucomarca.whitekongsoftware.com\/ca\/wp-json\/wp\/v2\/posts"}],"about":[{"href":"https:\/\/tucomarca.whitekongsoftware.com\/ca\/wp-json\/wp\/v2\/types\/post"}],"author":[{"embeddable":true,"href":"https:\/\/tucomarca.whitekongsoftware.com\/ca\/wp-json\/wp\/v2\/users\/1"}],"replies":[{"embeddable":true,"href":"https:\/\/tucomarca.whitekongsoftware.com\/ca\/wp-json\/wp\/v2\/comments?post=132403"}],"version-history":[{"count":0,"href":"https:\/\/tucomarca.whitekongsoftware.com\/ca\/wp-json\/wp\/v2\/posts\/132403\/revisions"}],"wp:featuredmedia":[{"embeddable":true,"href":"https:\/\/tucomarca.whitekongsoftware.com\/ca\/wp-json\/wp\/v2\/media\/132401"}],"wp:attachment":[{"href":"https:\/\/tucomarca.whitekongsoftware.com\/ca\/wp-json\/wp\/v2\/media?parent=132403"}],"wp:term":[{"taxonomy":"category","embeddable":true,"href":"https:\/\/tucomarca.whitekongsoftware.com\/ca\/wp-json\/wp\/v2\/categories?post=132403"},{"taxonomy":"post_tag","embeddable":true,"href":"https:\/\/tucomarca.whitekongsoftware.com\/ca\/wp-json\/wp\/v2\/tags?post=132403"}],"curies":[{"name":"wp","href":"https:\/\/api.w.org\/{rel}","templated":true}]}}